{"id":36238,"date":"2023-01-10T20:11:06","date_gmt":"2023-01-10T19:11:06","guid":{"rendered":"http:\/\/www.vernunftkraft-hessen.de\/wordpress\/?p=36238"},"modified":"2023-01-10T20:11:49","modified_gmt":"2023-01-10T19:11:49","slug":"frankfurt-rodung-fuer-windraeder-okay-fuer-autobahn-nicht-wald-ist-nicht-gleich-wald-fuer-die-klima-schuetzer-regional-bild-de","status":"publish","type":"post","link":"http:\/\/www.vernunftkraft-hessen.de\/wordpress\/2023\/01\/10\/frankfurt-rodung-fuer-windraeder-okay-fuer-autobahn-nicht-wald-ist-nicht-gleich-wald-fuer-die-klima-schuetzer-regional-bild-de\/","title":{"rendered":"Frankfurt: Rodung f\u00fcr Windr\u00e4der okay, f\u00fcr Autobahn nicht: Wald ist nicht gleich Wald \u2013 f\u00fcr die Klima-Sch\u00fctzer | Regional | BILD.de"},"content":{"rendered":"<blockquote><p><span style=\"font-size: 12pt;\"><strong>(&#8230;) Denn f\u00e4llt der Wald wegen Stra\u00dfen, k\u00e4mpfen sie gegen die F\u00e4llung, sogar mit Besetzung und drohen Polizisten, die r\u00e4umen wollen. Wie im Fechenheimer Wald.<\/strong><\/span><\/p>\n<p><span style=\"font-size: 12pt;\"><strong>F\u00e4llt er wegen Windr\u00e4dern, dann treten die selbst ernannten Klimasch\u00fctzer nicht f\u00fcr den Wald ein, sondern sticheln gegen Anwohner, die f\u00fcr ihren Wald k\u00e4mpfen. Und r\u00fccken sie \u00f6ffentlich sogar in die N\u00e4he von Reichsb\u00fcrgern, denn wer gegen Windr\u00e4der ist, m\u00fcsse ein Nazi sein \u2013 so deren krudes Weltbild. (&#8230;)<\/strong><\/span><\/p><\/blockquote>\n<p>Alles lesen: <em><a href=\"https:\/\/www.bild.de\/regional\/frankfurt\/saarland-news\/frankfurt-rodung-fuer-windraeder-okay-fuer-autobahn-nicht-wald-ist-nicht-gleich-82464546.bild.html?t_ref=https%3A%2F%2Fm.bild.de%2Fregional%2Ffrankfurt%2Fsaarland-news%2Ffrankfurt-rodung-fuer-windraeder-okay-fuer-autobahn-nicht-wald-ist-nicht-gleich-82464546.bildMobile.html%3Ft_ref%3Dhttps%253A%252F%252Fwww.google.com%252F\" target=\"_blank\" rel=\"noopener noreferrer\">Frankfurt: Rodung f\u00fcr Windr\u00e4der okay, f\u00fcr Autobahn nicht: Wald ist nicht gleich Wald \u2013 f\u00fcr die Klima-Sch\u00fctzer | Regional | BILD.de<\/a><\/em><\/p>\n","protected":false},"excerpt":{"rendered":"<p>(&#8230;) Denn f\u00e4llt der Wald wegen Stra\u00dfen, k\u00e4mpfen sie gegen die F\u00e4llung, sogar mit Besetzung und drohen Polizisten, die r\u00e4umen wollen. Wie im Fechenheimer Wald. F\u00e4llt er wegen Windr\u00e4dern, dann treten die selbst ernannten Klimasch\u00fctzer nicht f\u00fcr den Wald ein, sondern sticheln gegen Anwohner, die f\u00fcr ihren Wald k\u00e4mpfen. Und r\u00fccken sie \u00f6ffentlich sogar in &hellip; <a href=\"http:\/\/www.vernunftkraft-hessen.de\/wordpress\/2023\/01\/10\/frankfurt-rodung-fuer-windraeder-okay-fuer-autobahn-nicht-wald-ist-nicht-gleich-wald-fuer-die-klima-schuetzer-regional-bild-de\/\" class=\"more-link\"><span class=\"screen-reader-text\">\u201eFrankfurt: Rodung f\u00fcr Windr\u00e4der okay, f\u00fcr Autobahn nicht: Wald ist nicht gleich Wald \u2013 f\u00fcr die Klima-Sch\u00fctzer | Regional | BILD.de\u201c<\/span> weiterlesen<\/a><\/p>\n","protected":false},"author":26,"featured_media":0,"comment_status":"closed","ping_status":"closed","sticky":false,"template":"","format":"standard","meta":{"footnotes":""},"categories":[1],"tags":[450,41,42],"class_list":["post-36238","post","type-post","status-publish","format-standard","hentry","category-allgemein","tag-klima-aktivisten","tag-rodung","tag-wald"],"_links":{"self":[{"href":"http:\/\/www.vernunftkraft-hessen.de\/wordpress\/wp-json\/wp\/v2\/posts\/36238","targetHints":{"allow":["GET"]}}],"collection":[{"href":"http:\/\/www.vernunftkraft-hessen.de\/wordpress\/wp-json\/wp\/v2\/posts"}],"about":[{"href":"http:\/\/www.vernunftkraft-hessen.de\/wordpress\/wp-json\/wp\/v2\/types\/post"}],"author":[{"embeddable":true,"href":"http:\/\/www.vernunftkraft-hessen.de\/wordpress\/wp-json\/wp\/v2\/users\/26"}],"replies":[{"embeddable":true,"href":"http:\/\/www.vernunftkraft-hessen.de\/wordpress\/wp-json\/wp\/v2\/comments?post=36238"}],"version-history":[{"count":2,"href":"http:\/\/www.vernunftkraft-hessen.de\/wordpress\/wp-json\/wp\/v2\/posts\/36238\/revisions"}],"predecessor-version":[{"id":36240,"href":"http:\/\/www.vernunftkraft-hessen.de\/wordpress\/wp-json\/wp\/v2\/posts\/36238\/revisions\/36240"}],"wp:attachment":[{"href":"http:\/\/www.vernunftkraft-hessen.de\/wordpress\/wp-json\/wp\/v2\/media?parent=36238"}],"wp:term":[{"taxonomy":"category","embeddable":true,"href":"http:\/\/www.vernunftkraft-hessen.de\/wordpress\/wp-json\/wp\/v2\/categories?post=36238"},{"taxonomy":"post_tag","embeddable":true,"href":"http:\/\/www.vernunftkraft-hessen.de\/wordpress\/wp-json\/wp\/v2\/tags?post=36238"}],"curies":[{"name":"wp","href":"https:\/\/api.w.org\/{rel}","templated":true}]}}