{"id":36337,"date":"2023-01-21T02:03:52","date_gmt":"2023-01-21T01:03:52","guid":{"rendered":"http:\/\/www.vernunftkraft-hessen.de\/wordpress\/?p=36337"},"modified":"2023-01-21T02:04:50","modified_gmt":"2023-01-21T01:04:50","slug":"skandaloes-windkraftgegner-kritisieren-neue-regeln-bei-windraedern-swr-aktuell","status":"publish","type":"post","link":"http:\/\/www.vernunftkraft-hessen.de\/wordpress\/2023\/01\/21\/skandaloes-windkraftgegner-kritisieren-neue-regeln-bei-windraedern-swr-aktuell\/","title":{"rendered":"&#8220;Skandal\u00f6s!&#8221; &#8211; Windkraftgegner kritisieren neue Regeln bei Windr\u00e4dern &#8211; SWR Aktuell"},"content":{"rendered":"<blockquote><p><span style=\"font-size: 12pt;\"><strong>Die Entscheidung der rheinland-pf\u00e4lzischen Landesregierung, den Abstand zwischen Windr\u00e4dern und Wohnh\u00e4usern zu reduzieren, macht Natursch\u00fctzer aus der Region Trier fassungslos.<\/strong><\/span><\/p><\/blockquote>\n<p>Weiterlesen: <em><a href=\"https:\/\/www.swr.de\/swraktuell\/rheinland-pfalz\/trier\/windkraftgegner-aus-der-region-trier-kritisieren-reduzierung-des-mindesabstands-zwischen-windraeder-und-wohnsiedlungen-100.html\" target=\"_blank\" rel=\"noopener noreferrer\">&#8220;Skandal\u00f6s!&#8221; &#8211; Windkraftgegner kritisieren neue Regeln bei Windr\u00e4dern &#8211; SWR Aktuell<\/a><\/em><\/p>\n","protected":false},"excerpt":{"rendered":"<p>Die Entscheidung der rheinland-pf\u00e4lzischen Landesregierung, den Abstand zwischen Windr\u00e4dern und Wohnh\u00e4usern zu reduzieren, macht Natursch\u00fctzer aus der Region Trier fassungslos. Weiterlesen: &#8220;Skandal\u00f6s!&#8221; &#8211; Windkraftgegner kritisieren neue Regeln bei Windr\u00e4dern &#8211; SWR Aktuell<\/p>\n","protected":false},"author":26,"featured_media":0,"comment_status":"closed","ping_status":"closed","sticky":false,"template":"","format":"standard","meta":{"footnotes":""},"categories":[222],"tags":[147,349,175,21,63],"class_list":["post-36337","post","type-post","status-publish","format-standard","hentry","category-energiepolitik","tag-abstandsregelung","tag-bundeslaender","tag-energiepolitik","tag-gesundheit","tag-widerstand"],"_links":{"self":[{"href":"http:\/\/www.vernunftkraft-hessen.de\/wordpress\/wp-json\/wp\/v2\/posts\/36337","targetHints":{"allow":["GET"]}}],"collection":[{"href":"http:\/\/www.vernunftkraft-hessen.de\/wordpress\/wp-json\/wp\/v2\/posts"}],"about":[{"href":"http:\/\/www.vernunftkraft-hessen.de\/wordpress\/wp-json\/wp\/v2\/types\/post"}],"author":[{"embeddable":true,"href":"http:\/\/www.vernunftkraft-hessen.de\/wordpress\/wp-json\/wp\/v2\/users\/26"}],"replies":[{"embeddable":true,"href":"http:\/\/www.vernunftkraft-hessen.de\/wordpress\/wp-json\/wp\/v2\/comments?post=36337"}],"version-history":[{"count":2,"href":"http:\/\/www.vernunftkraft-hessen.de\/wordpress\/wp-json\/wp\/v2\/posts\/36337\/revisions"}],"predecessor-version":[{"id":36339,"href":"http:\/\/www.vernunftkraft-hessen.de\/wordpress\/wp-json\/wp\/v2\/posts\/36337\/revisions\/36339"}],"wp:attachment":[{"href":"http:\/\/www.vernunftkraft-hessen.de\/wordpress\/wp-json\/wp\/v2\/media?parent=36337"}],"wp:term":[{"taxonomy":"category","embeddable":true,"href":"http:\/\/www.vernunftkraft-hessen.de\/wordpress\/wp-json\/wp\/v2\/categories?post=36337"},{"taxonomy":"post_tag","embeddable":true,"href":"http:\/\/www.vernunftkraft-hessen.de\/wordpress\/wp-json\/wp\/v2\/tags?post=36337"}],"curies":[{"name":"wp","href":"https:\/\/api.w.org\/{rel}","templated":true}]}}