{"id":36411,"date":"2023-01-31T01:16:37","date_gmt":"2023-01-31T00:16:37","guid":{"rendered":"http:\/\/www.vernunftkraft-hessen.de\/wordpress\/?p=36411"},"modified":"2023-01-31T01:17:15","modified_gmt":"2023-01-31T00:17:15","slug":"offenbacher-evo-erwirtschaftete-rund-20-prozent-weniger-windenergie-op","status":"publish","type":"post","link":"http:\/\/www.vernunftkraft-hessen.de\/wordpress\/2023\/01\/31\/offenbacher-evo-erwirtschaftete-rund-20-prozent-weniger-windenergie-op\/","title":{"rendered":"Offenbacher EVO erwirtschaftete rund 20 Prozent weniger Windenergie | OP"},"content":{"rendered":"<blockquote><p><span style=\"font-size: 12pt;\"><strong>Windenergie ist gefragt, sie geh\u00f6rt zu den Eckpfeilern der sogenannten Energiewende. Auch f\u00fcr Offenbach spielt sie eine Rolle: An f\u00fcnf Standorten in Hessen und Rheinland-Pfalz betreibt die Energieversorgung Offenbach (EVO) mit Partnern Windparks. Doch bereits im vergangenen November stand fest, dass 2022 ein je nach Region eher durchschnittliches, wenn nicht sogar unterdurchschnittliches Jahr in Sachen Windkraft war: Die Ertr\u00e4ge, die in den Windparks erzielt wurden, lagen unter den Erwartungen.<\/strong><\/span><\/p><\/blockquote>\n<p>Weiterlesen: <em><a href=\"https:\/\/www.op-online.de\/offenbach\/offenbacher-evo-erwirtschaftete-rund-20-prozent-weniger-windenergie-92047776.html\" target=\"_blank\" rel=\"noopener noreferrer\">Offenbacher EVO erwirtschaftete rund 20 Prozent weniger Windenergie<\/a><\/em><\/p>\n","protected":false},"excerpt":{"rendered":"<p>Windenergie ist gefragt, sie geh\u00f6rt zu den Eckpfeilern der sogenannten Energiewende. Auch f\u00fcr Offenbach spielt sie eine Rolle: An f\u00fcnf Standorten in Hessen und Rheinland-Pfalz betreibt die Energieversorgung Offenbach (EVO) mit Partnern Windparks. Doch bereits im vergangenen November stand fest, dass 2022 ein je nach Region eher durchschnittliches, wenn nicht sogar unterdurchschnittliches Jahr in Sachen &hellip; <a href=\"http:\/\/www.vernunftkraft-hessen.de\/wordpress\/2023\/01\/31\/offenbacher-evo-erwirtschaftete-rund-20-prozent-weniger-windenergie-op\/\" class=\"more-link\"><span class=\"screen-reader-text\">\u201eOffenbacher EVO erwirtschaftete rund 20 Prozent weniger Windenergie | OP\u201c<\/span> weiterlesen<\/a><\/p>\n","protected":false},"author":26,"featured_media":0,"comment_status":"closed","ping_status":"closed","sticky":false,"template":"","format":"standard","meta":{"footnotes":""},"categories":[222],"tags":[17,23],"class_list":["post-36411","post","type-post","status-publish","format-standard","hentry","category-energiepolitik","tag-energiewende","tag-wirtschaftlichkeit"],"_links":{"self":[{"href":"http:\/\/www.vernunftkraft-hessen.de\/wordpress\/wp-json\/wp\/v2\/posts\/36411","targetHints":{"allow":["GET"]}}],"collection":[{"href":"http:\/\/www.vernunftkraft-hessen.de\/wordpress\/wp-json\/wp\/v2\/posts"}],"about":[{"href":"http:\/\/www.vernunftkraft-hessen.de\/wordpress\/wp-json\/wp\/v2\/types\/post"}],"author":[{"embeddable":true,"href":"http:\/\/www.vernunftkraft-hessen.de\/wordpress\/wp-json\/wp\/v2\/users\/26"}],"replies":[{"embeddable":true,"href":"http:\/\/www.vernunftkraft-hessen.de\/wordpress\/wp-json\/wp\/v2\/comments?post=36411"}],"version-history":[{"count":2,"href":"http:\/\/www.vernunftkraft-hessen.de\/wordpress\/wp-json\/wp\/v2\/posts\/36411\/revisions"}],"predecessor-version":[{"id":36413,"href":"http:\/\/www.vernunftkraft-hessen.de\/wordpress\/wp-json\/wp\/v2\/posts\/36411\/revisions\/36413"}],"wp:attachment":[{"href":"http:\/\/www.vernunftkraft-hessen.de\/wordpress\/wp-json\/wp\/v2\/media?parent=36411"}],"wp:term":[{"taxonomy":"category","embeddable":true,"href":"http:\/\/www.vernunftkraft-hessen.de\/wordpress\/wp-json\/wp\/v2\/categories?post=36411"},{"taxonomy":"post_tag","embeddable":true,"href":"http:\/\/www.vernunftkraft-hessen.de\/wordpress\/wp-json\/wp\/v2\/tags?post=36411"}],"curies":[{"name":"wp","href":"https:\/\/api.w.org\/{rel}","templated":true}]}}