{"id":36540,"date":"2023-02-15T04:42:14","date_gmt":"2023-02-15T03:42:14","guid":{"rendered":"http:\/\/www.vernunftkraft-hessen.de\/wordpress\/?p=36540"},"modified":"2023-02-15T04:42:51","modified_gmt":"2023-02-15T03:42:51","slug":"krasse-umweltsuende-whisteblower-enthuellt-dass-71-windraeder-zeitweise-mit-diesel-liefen-focus-online","status":"publish","type":"post","link":"http:\/\/www.vernunftkraft-hessen.de\/wordpress\/2023\/02\/15\/krasse-umweltsuende-whisteblower-enthuellt-dass-71-windraeder-zeitweise-mit-diesel-liefen-focus-online\/","title":{"rendered":"Krasse Umwelts\u00fcnde: Whisteblower enth\u00fcllt, dass 71 Windr\u00e4der zeitweise mit Diesel liefen &#8211; FOCUS online"},"content":{"rendered":"<blockquote><p><span style=\"font-size: 12pt;\"><strong>Windenergieanlagen sind umweltfreundlich. Zumindest, wenn man sie ordnungsgem\u00e4\u00df wartet und betreibt. Ein Energiekonzern in Schottland nimmt es damit offenbar nicht so genau. Nun hat ein Whistleblower enth\u00fcllt, welche Umwelts\u00fcnden Scottish Power sich geleistet haben soll.<\/strong><\/span><\/p><\/blockquote>\n<p>Weiterlesen: <em><a href=\"https:\/\/www.focus.de\/klima\/whisteblower-enthuellt-71-windraeder-liefen-zeitweise-mit-diesel_id_185726868.html\" target=\"_blank\" rel=\"noopener noreferrer\">Krasse Umwelts\u00fcnde: Whisteblower enth\u00fcllt, dass 71 Windr\u00e4der zeitweise mit Diesel liefen &#8211; FOCUS online<\/a><\/em><\/p>\n","protected":false},"excerpt":{"rendered":"<p>Windenergieanlagen sind umweltfreundlich. Zumindest, wenn man sie ordnungsgem\u00e4\u00df wartet und betreibt. Ein Energiekonzern in Schottland nimmt es damit offenbar nicht so genau. Nun hat ein Whistleblower enth\u00fcllt, welche Umwelts\u00fcnden Scottish Power sich geleistet haben soll. Weiterlesen: Krasse Umwelts\u00fcnde: Whisteblower enth\u00fcllt, dass 71 Windr\u00e4der zeitweise mit Diesel liefen &#8211; FOCUS online<\/p>\n","protected":false},"author":26,"featured_media":0,"comment_status":"closed","ping_status":"closed","sticky":false,"template":"","format":"standard","meta":{"footnotes":""},"categories":[453],"tags":[177,84,776],"class_list":["post-36540","post","type-post","status-publish","format-standard","hentry","category-umwelt","tag-ausland","tag-umwelt","tag-windkraftanlage"],"_links":{"self":[{"href":"http:\/\/www.vernunftkraft-hessen.de\/wordpress\/wp-json\/wp\/v2\/posts\/36540","targetHints":{"allow":["GET"]}}],"collection":[{"href":"http:\/\/www.vernunftkraft-hessen.de\/wordpress\/wp-json\/wp\/v2\/posts"}],"about":[{"href":"http:\/\/www.vernunftkraft-hessen.de\/wordpress\/wp-json\/wp\/v2\/types\/post"}],"author":[{"embeddable":true,"href":"http:\/\/www.vernunftkraft-hessen.de\/wordpress\/wp-json\/wp\/v2\/users\/26"}],"replies":[{"embeddable":true,"href":"http:\/\/www.vernunftkraft-hessen.de\/wordpress\/wp-json\/wp\/v2\/comments?post=36540"}],"version-history":[{"count":2,"href":"http:\/\/www.vernunftkraft-hessen.de\/wordpress\/wp-json\/wp\/v2\/posts\/36540\/revisions"}],"predecessor-version":[{"id":36542,"href":"http:\/\/www.vernunftkraft-hessen.de\/wordpress\/wp-json\/wp\/v2\/posts\/36540\/revisions\/36542"}],"wp:attachment":[{"href":"http:\/\/www.vernunftkraft-hessen.de\/wordpress\/wp-json\/wp\/v2\/media?parent=36540"}],"wp:term":[{"taxonomy":"category","embeddable":true,"href":"http:\/\/www.vernunftkraft-hessen.de\/wordpress\/wp-json\/wp\/v2\/categories?post=36540"},{"taxonomy":"post_tag","embeddable":true,"href":"http:\/\/www.vernunftkraft-hessen.de\/wordpress\/wp-json\/wp\/v2\/tags?post=36540"}],"curies":[{"name":"wp","href":"https:\/\/api.w.org\/{rel}","templated":true}]}}