{"id":36593,"date":"2023-02-26T21:48:48","date_gmt":"2023-02-26T20:48:48","guid":{"rendered":"http:\/\/www.vernunftkraft-hessen.de\/wordpress\/?p=36593"},"modified":"2023-02-26T21:49:44","modified_gmt":"2023-02-26T20:49:44","slug":"vogelsberg-kreis-groesster-erzeuger-von-erneuerbaren-energien-in-mittelhessen-fuldaer-zeitung","status":"publish","type":"post","link":"http:\/\/www.vernunftkraft-hessen.de\/wordpress\/2023\/02\/26\/vogelsberg-kreis-groesster-erzeuger-von-erneuerbaren-energien-in-mittelhessen-fuldaer-zeitung\/","title":{"rendered":"Vogelsberg: Kreis gr\u00f6\u00dfter Erzeuger von erneuerbaren Energien in Mittelhessen | Fuldaer Zeitung"},"content":{"rendered":"<blockquote><p><span style=\"font-size: 12pt;\"><strong>Im Vogelsbergkreis wird j\u00e4hrlich mehr als doppelt so viel Strom durch erneuerbare Energien erzeugt als im Landkreis verbraucht wird. Das geht aus Zahlen hervor, die jetzt Aussch\u00fcssen der Regionalversammlung Mittelhessen pr\u00e4sentiert wurden.<\/strong><\/span><\/p><\/blockquote>\n<p>Weiterlesen: <em><a href=\"https:\/\/www.fuldaerzeitung.de\/vogelsberg\/vogelsberg-kreis-groesster-erzeuger-erneuerbare-energien-mittelhessen-windkraft-92097727.html\" target=\"_blank\" rel=\"noopener noreferrer\">Vogelsberg: Kreis gr\u00f6\u00dfter Erzeuger von erneuerbaren Energien in Mittelhessen<\/a><\/em><\/p>\n","protected":false},"excerpt":{"rendered":"<p>Im Vogelsbergkreis wird j\u00e4hrlich mehr als doppelt so viel Strom durch erneuerbare Energien erzeugt als im Landkreis verbraucht wird. Das geht aus Zahlen hervor, die jetzt Aussch\u00fcssen der Regionalversammlung Mittelhessen pr\u00e4sentiert wurden. Weiterlesen: Vogelsberg: Kreis gr\u00f6\u00dfter Erzeuger von erneuerbaren Energien in Mittelhessen<\/p>\n","protected":false},"author":26,"featured_media":0,"comment_status":"open","ping_status":"open","sticky":false,"template":"","format":"standard","meta":{"footnotes":""},"categories":[1],"tags":[17,434,320],"class_list":["post-36593","post","type-post","status-publish","format-standard","hentry","category-allgemein","tag-energiewende","tag-landkreis","tag-stromerzeugung"],"_links":{"self":[{"href":"http:\/\/www.vernunftkraft-hessen.de\/wordpress\/wp-json\/wp\/v2\/posts\/36593","targetHints":{"allow":["GET"]}}],"collection":[{"href":"http:\/\/www.vernunftkraft-hessen.de\/wordpress\/wp-json\/wp\/v2\/posts"}],"about":[{"href":"http:\/\/www.vernunftkraft-hessen.de\/wordpress\/wp-json\/wp\/v2\/types\/post"}],"author":[{"embeddable":true,"href":"http:\/\/www.vernunftkraft-hessen.de\/wordpress\/wp-json\/wp\/v2\/users\/26"}],"replies":[{"embeddable":true,"href":"http:\/\/www.vernunftkraft-hessen.de\/wordpress\/wp-json\/wp\/v2\/comments?post=36593"}],"version-history":[{"count":2,"href":"http:\/\/www.vernunftkraft-hessen.de\/wordpress\/wp-json\/wp\/v2\/posts\/36593\/revisions"}],"predecessor-version":[{"id":36595,"href":"http:\/\/www.vernunftkraft-hessen.de\/wordpress\/wp-json\/wp\/v2\/posts\/36593\/revisions\/36595"}],"wp:attachment":[{"href":"http:\/\/www.vernunftkraft-hessen.de\/wordpress\/wp-json\/wp\/v2\/media?parent=36593"}],"wp:term":[{"taxonomy":"category","embeddable":true,"href":"http:\/\/www.vernunftkraft-hessen.de\/wordpress\/wp-json\/wp\/v2\/categories?post=36593"},{"taxonomy":"post_tag","embeddable":true,"href":"http:\/\/www.vernunftkraft-hessen.de\/wordpress\/wp-json\/wp\/v2\/tags?post=36593"}],"curies":[{"name":"wp","href":"https:\/\/api.w.org\/{rel}","templated":true}]}}