{"id":36834,"date":"2023-04-01T00:57:35","date_gmt":"2023-03-31T22:57:35","guid":{"rendered":"http:\/\/www.vernunftkraft-hessen.de\/wordpress\/?p=36834"},"modified":"2023-04-01T00:59:21","modified_gmt":"2023-03-31T22:59:21","slug":"fulda-plaene-fuer-neue-windraeder-in-heubach-liegen-auf-eis-fuldaer-zeitung","status":"publish","type":"post","link":"http:\/\/www.vernunftkraft-hessen.de\/wordpress\/2023\/04\/01\/fulda-plaene-fuer-neue-windraeder-in-heubach-liegen-auf-eis-fuldaer-zeitung\/","title":{"rendered":"Fulda: Pl\u00e4ne f\u00fcr neue Windr\u00e4der in Heubach liegen auf Eis | Fuldaer Zeitung"},"content":{"rendered":"<blockquote>\n<figure style=\"width: 169px\" class=\"wp-caption alignright\"><img loading=\"lazy\" decoding=\"async\" src=\"https:\/\/www.fuldaerzeitung.de\/bilder\/2023\/03\/24\/92167937\/30518682-seit-mehr-als-drei-jahren-stehen-die-unfertigen-anlagen-bei-heubach-in-der-gegend-herum-2pCvVYB9aUfe.jpg\" alt=\"\" width=\"169\" height=\"95\" \/><figcaption class=\"wp-caption-text\">Seit mehr als drei Jahren stehen die unfertigen Anlagen bei Heubach in der Gegend herum<\/figcaption><\/figure>\n<p><span style=\"font-size: 12pt;\"><strong>Die Firma Oktoberwind hatte sich im Dezember vor dem Landgericht Fulda gegen Vorw\u00fcrfe gewehrt, mehrere Anleger get\u00e4uscht zu haben, die in Windkraftprojekte des Unternehmens investieren wollten. Eine Entscheidung gibt es bisher noch nicht. Derweil werden weitere F\u00e4lle bekannt.<\/strong><\/span><\/p><\/blockquote>\n<p>Weiterlesen: <em><a href=\"https:\/\/www.fuldaerzeitung.de\/fulda\/kalbach-plaene-neue-windraeder-heubach-stillstand-landkreis-mark-bagus-patrick-krug-92167937.html\" target=\"_blank\" rel=\"noopener noreferrer\">Fulda: Pl\u00e4ne f\u00fcr neue Windr\u00e4der in Heubach liegen auf Eis<\/a><\/em><\/p>\n","protected":false},"excerpt":{"rendered":"<p>Die Firma Oktoberwind hatte sich im Dezember vor dem Landgericht Fulda gegen Vorw\u00fcrfe gewehrt, mehrere Anleger get\u00e4uscht zu haben, die in Windkraftprojekte des Unternehmens investieren wollten. Eine Entscheidung gibt es bisher noch nicht. Derweil werden weitere F\u00e4lle bekannt. Weiterlesen: Fulda: Pl\u00e4ne f\u00fcr neue Windr\u00e4der in Heubach liegen auf Eis<\/p>\n","protected":false},"author":26,"featured_media":0,"comment_status":"closed","ping_status":"closed","sticky":false,"template":"","format":"standard","meta":{"footnotes":""},"categories":[98],"tags":[209,49],"class_list":["post-36834","post","type-post","status-publish","format-standard","hentry","category-zubau","tag-projektierer","tag-zubau"],"_links":{"self":[{"href":"http:\/\/www.vernunftkraft-hessen.de\/wordpress\/wp-json\/wp\/v2\/posts\/36834","targetHints":{"allow":["GET"]}}],"collection":[{"href":"http:\/\/www.vernunftkraft-hessen.de\/wordpress\/wp-json\/wp\/v2\/posts"}],"about":[{"href":"http:\/\/www.vernunftkraft-hessen.de\/wordpress\/wp-json\/wp\/v2\/types\/post"}],"author":[{"embeddable":true,"href":"http:\/\/www.vernunftkraft-hessen.de\/wordpress\/wp-json\/wp\/v2\/users\/26"}],"replies":[{"embeddable":true,"href":"http:\/\/www.vernunftkraft-hessen.de\/wordpress\/wp-json\/wp\/v2\/comments?post=36834"}],"version-history":[{"count":3,"href":"http:\/\/www.vernunftkraft-hessen.de\/wordpress\/wp-json\/wp\/v2\/posts\/36834\/revisions"}],"predecessor-version":[{"id":36837,"href":"http:\/\/www.vernunftkraft-hessen.de\/wordpress\/wp-json\/wp\/v2\/posts\/36834\/revisions\/36837"}],"wp:attachment":[{"href":"http:\/\/www.vernunftkraft-hessen.de\/wordpress\/wp-json\/wp\/v2\/media?parent=36834"}],"wp:term":[{"taxonomy":"category","embeddable":true,"href":"http:\/\/www.vernunftkraft-hessen.de\/wordpress\/wp-json\/wp\/v2\/categories?post=36834"},{"taxonomy":"post_tag","embeddable":true,"href":"http:\/\/www.vernunftkraft-hessen.de\/wordpress\/wp-json\/wp\/v2\/tags?post=36834"}],"curies":[{"name":"wp","href":"https:\/\/api.w.org\/{rel}","templated":true}]}}