{"id":36841,"date":"2023-04-01T01:03:58","date_gmt":"2023-03-31T23:03:58","guid":{"rendered":"http:\/\/www.vernunftkraft-hessen.de\/wordpress\/?p=36841"},"modified":"2023-04-01T01:04:27","modified_gmt":"2023-03-31T23:04:27","slug":"wenn-erneuerbare-nicht-reichen-bundesbuerger-haengen-an-erdgas-und-atomenergie-n-tv-de","status":"publish","type":"post","link":"http:\/\/www.vernunftkraft-hessen.de\/wordpress\/2023\/04\/01\/wenn-erneuerbare-nicht-reichen-bundesbuerger-haengen-an-erdgas-und-atomenergie-n-tv-de\/","title":{"rendered":"Wenn Erneuerbare nicht reichen: Bundesb\u00fcrger h\u00e4ngen an Erdgas und Atomenergie &#8211; n-tv.de"},"content":{"rendered":"<blockquote><p><span style=\"font-size: 12pt;\"><strong>Gerade mal zehn Prozent der B\u00fcrger glauben laut RTL\/ntv-Trendbarometer, dass erneuerbare Energien auf absehbare Zeit den deutschen Energiebedarf decken k\u00f6nnen. Bis es so weit ist, stehen Erdgas und Atomkraft hoch im Kurs.<\/strong><\/span><\/p><\/blockquote>\n<p>Weiterlesen: <em><a href=\"https:\/\/www.n-tv.de\/politik\/Bundesbuerger-haengen-an-Erdgas-und-Atomenergie-article24017084.html?fbclid=IwAR2jNUngeEijMsF20ua4xWkszmvLZlpkOq5t1PKkEtOj0zNSv_RXWw5wG5Y\" target=\"_blank\" rel=\"noopener noreferrer\">Wenn Erneuerbare nicht reichen: Bundesb\u00fcrger h\u00e4ngen an Erdgas und Atomenergie &#8211; n-tv.de<\/a><\/em><\/p>\n","protected":false},"excerpt":{"rendered":"<p>Gerade mal zehn Prozent der B\u00fcrger glauben laut RTL\/ntv-Trendbarometer, dass erneuerbare Energien auf absehbare Zeit den deutschen Energiebedarf decken k\u00f6nnen. Bis es so weit ist, stehen Erdgas und Atomkraft hoch im Kurs. Weiterlesen: Wenn Erneuerbare nicht reichen: Bundesb\u00fcrger h\u00e4ngen an Erdgas und Atomenergie &#8211; n-tv.de<\/p>\n","protected":false},"author":26,"featured_media":0,"comment_status":"closed","ping_status":"closed","sticky":false,"template":"","format":"standard","meta":{"footnotes":""},"categories":[222],"tags":[175,17],"class_list":["post-36841","post","type-post","status-publish","format-standard","hentry","category-energiepolitik","tag-energiepolitik","tag-energiewende"],"_links":{"self":[{"href":"http:\/\/www.vernunftkraft-hessen.de\/wordpress\/wp-json\/wp\/v2\/posts\/36841","targetHints":{"allow":["GET"]}}],"collection":[{"href":"http:\/\/www.vernunftkraft-hessen.de\/wordpress\/wp-json\/wp\/v2\/posts"}],"about":[{"href":"http:\/\/www.vernunftkraft-hessen.de\/wordpress\/wp-json\/wp\/v2\/types\/post"}],"author":[{"embeddable":true,"href":"http:\/\/www.vernunftkraft-hessen.de\/wordpress\/wp-json\/wp\/v2\/users\/26"}],"replies":[{"embeddable":true,"href":"http:\/\/www.vernunftkraft-hessen.de\/wordpress\/wp-json\/wp\/v2\/comments?post=36841"}],"version-history":[{"count":2,"href":"http:\/\/www.vernunftkraft-hessen.de\/wordpress\/wp-json\/wp\/v2\/posts\/36841\/revisions"}],"predecessor-version":[{"id":36843,"href":"http:\/\/www.vernunftkraft-hessen.de\/wordpress\/wp-json\/wp\/v2\/posts\/36841\/revisions\/36843"}],"wp:attachment":[{"href":"http:\/\/www.vernunftkraft-hessen.de\/wordpress\/wp-json\/wp\/v2\/media?parent=36841"}],"wp:term":[{"taxonomy":"category","embeddable":true,"href":"http:\/\/www.vernunftkraft-hessen.de\/wordpress\/wp-json\/wp\/v2\/categories?post=36841"},{"taxonomy":"post_tag","embeddable":true,"href":"http:\/\/www.vernunftkraft-hessen.de\/wordpress\/wp-json\/wp\/v2\/tags?post=36841"}],"curies":[{"name":"wp","href":"https:\/\/api.w.org\/{rel}","templated":true}]}}