{"id":36844,"date":"2023-04-01T01:06:20","date_gmt":"2023-03-31T23:06:20","guid":{"rendered":"http:\/\/www.vernunftkraft-hessen.de\/wordpress\/?p=36844"},"modified":"2023-04-01T01:06:50","modified_gmt":"2023-03-31T23:06:50","slug":"wie-gruene-klimapolitik-die-demokratie-zerstoert-achgut-com","status":"publish","type":"post","link":"http:\/\/www.vernunftkraft-hessen.de\/wordpress\/2023\/04\/01\/wie-gruene-klimapolitik-die-demokratie-zerstoert-achgut-com\/","title":{"rendered":"Wie gr\u00fcne Klimapolitik die Demokratie zerst\u00f6rt \u2013 ACHGUT.COM"},"content":{"rendered":"<blockquote><p><span style=\"font-size: 12pt;\"><strong>Niemand soll sagen k\u00f6nnen, der \u00d6ko-Staat kam pl\u00f6tzlich und unerwartet. Wieso? Alles ist schon mal dagewesen: die gro\u00dfe Umerziehung, das Negieren marktwirtschaftlicher und Naturgesetze sowie der Grundrechenarten. Fritz Vahrenholt bietet hingegen L\u00f6sungen f\u00fcr die Energiekrise an.<\/strong><\/span><\/p><\/blockquote>\n<p>Weiterlesen: <em><a href=\"https:\/\/www.achgut.com\/artikel\/Wie_gruene_Klimapolitik_die_Demokratie_zerstoert\" target=\"_blank\" rel=\"noopener noreferrer\">Wie gr\u00fcne Klimapolitik die Demokratie zerst\u00f6rt \u2013 DIE ACHSE DES GUTEN. ACHGUT.COM<\/a><\/em><\/p>\n","protected":false},"excerpt":{"rendered":"<p>Niemand soll sagen k\u00f6nnen, der \u00d6ko-Staat kam pl\u00f6tzlich und unerwartet. Wieso? Alles ist schon mal dagewesen: die gro\u00dfe Umerziehung, das Negieren marktwirtschaftlicher und Naturgesetze sowie der Grundrechenarten. Fritz Vahrenholt bietet hingegen L\u00f6sungen f\u00fcr die Energiekrise an. Weiterlesen: Wie gr\u00fcne Klimapolitik die Demokratie zerst\u00f6rt \u2013 DIE ACHSE DES GUTEN. ACHGUT.COM<\/p>\n","protected":false},"author":26,"featured_media":0,"comment_status":"closed","ping_status":"closed","sticky":false,"template":"","format":"standard","meta":{"footnotes":""},"categories":[457],"tags":[431,299,6],"class_list":["post-36844","post","type-post","status-publish","format-standard","hentry","category-klimapolitik","tag-demokratieabbau","tag-klimapolitik","tag-politik"],"_links":{"self":[{"href":"http:\/\/www.vernunftkraft-hessen.de\/wordpress\/wp-json\/wp\/v2\/posts\/36844","targetHints":{"allow":["GET"]}}],"collection":[{"href":"http:\/\/www.vernunftkraft-hessen.de\/wordpress\/wp-json\/wp\/v2\/posts"}],"about":[{"href":"http:\/\/www.vernunftkraft-hessen.de\/wordpress\/wp-json\/wp\/v2\/types\/post"}],"author":[{"embeddable":true,"href":"http:\/\/www.vernunftkraft-hessen.de\/wordpress\/wp-json\/wp\/v2\/users\/26"}],"replies":[{"embeddable":true,"href":"http:\/\/www.vernunftkraft-hessen.de\/wordpress\/wp-json\/wp\/v2\/comments?post=36844"}],"version-history":[{"count":2,"href":"http:\/\/www.vernunftkraft-hessen.de\/wordpress\/wp-json\/wp\/v2\/posts\/36844\/revisions"}],"predecessor-version":[{"id":36846,"href":"http:\/\/www.vernunftkraft-hessen.de\/wordpress\/wp-json\/wp\/v2\/posts\/36844\/revisions\/36846"}],"wp:attachment":[{"href":"http:\/\/www.vernunftkraft-hessen.de\/wordpress\/wp-json\/wp\/v2\/media?parent=36844"}],"wp:term":[{"taxonomy":"category","embeddable":true,"href":"http:\/\/www.vernunftkraft-hessen.de\/wordpress\/wp-json\/wp\/v2\/categories?post=36844"},{"taxonomy":"post_tag","embeddable":true,"href":"http:\/\/www.vernunftkraft-hessen.de\/wordpress\/wp-json\/wp\/v2\/tags?post=36844"}],"curies":[{"name":"wp","href":"https:\/\/api.w.org\/{rel}","templated":true}]}}