{"id":7028,"date":"2017-06-21T18:05:16","date_gmt":"2017-06-21T16:05:16","guid":{"rendered":"http:\/\/www.vernunftkraft-hessen.de\/wordpress\/?p=7028"},"modified":"2017-06-21T18:06:23","modified_gmt":"2017-06-21T16:06:23","slug":"deutsche-firmen-missachten-menschenrechte-im-ausland","status":"publish","type":"post","link":"http:\/\/www.vernunftkraft-hessen.de\/wordpress\/2017\/06\/21\/deutsche-firmen-missachten-menschenrechte-im-ausland\/","title":{"rendered":"Deutsche Firmen missachten Menschenrechte im Ausland"},"content":{"rendered":"<p><strong>Ob in Mexiko, Kolumbien oder Kenia: Wenn deutsche Konzerne im Ausland Gesch\u00e4fte machen, missachten sie h\u00e4ufig die Menschenrechte. Das zeigt eine neue Studie.<\/strong><\/p>\n<p>In <b>Mexiko<\/b> versorgte <strong>Siemens Windparks<\/strong> mit Transformatoren und einer Schaltanlage. Diese Windparks h\u00e4tten <strong>Hunderte Quadratkilometer Agrarland f\u00fcr eine landwirtschaftliche Nutzung unbrauchbar gemacht<\/strong>; die betroffene indigene Bev\u00f6lkerung sei im Vorfeld der Vorhaben teils nicht oder nicht zureichend angeh\u00f6rt worden. Zudem k\u00f6nne sie den Strom nicht selbst nutzen. Die <strong>Polizei und die Betreiber unterdr\u00fcckten Widerstand mit Repression und Gewalt<\/strong>, hei\u00dft es. Siemens weist die Verantwortung von sich, da es selbst nicht am Genehmigungsverfahren f\u00fcr das Projekt beteiligt gewesen sei.<br \/>\n<a href=\"http:\/\/www.spiegel.de\/wirtschaft\/unternehmen\/studie-deutsche-firmen-missachten-menschenrechte-im-ausland-a-1153169.html\" target=\"_blank\" rel=\"noopener noreferrer\">http:\/\/www.spiegel.de\/wirtschaft\/unternehmen\/studie-deutsche-firmen-missachten-menschenrechte-im-ausland-a-1153169.html<\/a><\/p>\n<div class=\"shariff shariff-align-flex-start shariff-widget-align-flex-start\" data-services=\"facebook\" data-url=\"http%3A%2F%2Fwww.vernunftkraft-hessen.de%2Fwordpress%2F2017%2F06%2F21%2Fdeutsche-firmen-missachten-menschenrechte-im-ausland%2F\" data-timestamp=\"1498068383\" data-hidezero=\"1\" data-backendurl=\"http:\/\/www.vernunftkraft-hessen.de\/wordpress\/wp-json\/shariff\/v1\/share_counts?\"><div class=\"ShariffHeadline\">Diesen Beitrag teilen<\/div><ul class=\"shariff-buttons theme-color orientation-horizontal buttonsize-small\"><li class=\"shariff-button facebook shariff-nocustomcolor\" style=\"background-color:#4273c8\"><a href=\"https:\/\/www.facebook.com\/sharer\/sharer.php?u=http%3A%2F%2Fwww.vernunftkraft-hessen.de%2Fwordpress%2F2017%2F06%2F21%2Fdeutsche-firmen-missachten-menschenrechte-im-ausland%2F\" title=\"Bei Facebook teilen\" aria-label=\"Bei Facebook teilen\" role=\"button\" rel=\"nofollow\" class=\"shariff-link\" style=\"; background-color:#3b5998; color:#fff\" target=\"_blank\"><span class=\"shariff-icon\" style=\"\"><svg width=\"32px\" height=\"20px\" xmlns=\"http:\/\/www.w3.org\/2000\/svg\" viewBox=\"0 0 18 32\"><path fill=\"#3b5998\" d=\"M17.1 0.2v4.7h-2.8q-1.5 0-2.1 0.6t-0.5 1.9v3.4h5.2l-0.7 5.3h-4.5v13.6h-5.5v-13.6h-4.5v-5.3h4.5v-3.9q0-3.3 1.9-5.2t5-1.8q2.6 0 4.1 0.2z\"\/><\/svg><\/span><span class=\"shariff-text\">teilen<\/span>&nbsp;<span data-service=\"facebook\" style=\"color:#3b5998\" class=\"shariff-count shariff-hidezero\"><\/span>&nbsp;<\/a><\/li><li class=\"shariff-button whatsapp shariff-nocustomcolor\" style=\"background-color:#5cbe4a\"><a href=\"https:\/\/api.whatsapp.com\/send?text=http%3A%2F%2Fwww.vernunftkraft-hessen.de%2Fwordpress%2F2017%2F06%2F21%2Fdeutsche-firmen-missachten-menschenrechte-im-ausland%2F%20Deutsche%20Firmen%20missachten%20Menschenrechte%20im%20Ausland\" title=\"Bei Whatsapp teilen\" aria-label=\"Bei Whatsapp teilen\" role=\"button\" rel=\"noopener nofollow\" class=\"shariff-link\" style=\"; background-color:#34af23; color:#fff\" target=\"_blank\"><span class=\"shariff-icon\" style=\"\"><svg width=\"32px\" height=\"20px\" xmlns=\"http:\/\/www.w3.org\/2000\/svg\" viewBox=\"0 0 32 32\"><path fill=\"#34af23\" d=\"M17.6 17.4q0.2 0 1.7 0.8t1.6 0.9q0 0.1 0 0.3 0 0.6-0.3 1.4-0.3 0.7-1.3 1.2t-1.8 0.5q-1 0-3.4-1.1-1.7-0.8-3-2.1t-2.6-3.3q-1.3-1.9-1.3-3.5v-0.1q0.1-1.6 1.3-2.8 0.4-0.4 0.9-0.4 0.1 0 0.3 0t0.3 0q0.3 0 0.5 0.1t0.3 0.5q0.1 0.4 0.6 1.6t0.4 1.3q0 0.4-0.6 1t-0.6 0.8q0 0.1 0.1 0.3 0.6 1.3 1.8 2.4 1 0.9 2.7 1.8 0.2 0.1 0.4 0.1 0.3 0 1-0.9t0.9-0.9zM14 26.9q2.3 0 4.3-0.9t3.6-2.4 2.4-3.6 0.9-4.3-0.9-4.3-2.4-3.6-3.6-2.4-4.3-0.9-4.3 0.9-3.6 2.4-2.4 3.6-0.9 4.3q0 3.6 2.1 6.6l-1.4 4.2 4.3-1.4q2.8 1.9 6.2 1.9zM14 2.2q2.7 0 5.2 1.1t4.3 2.9 2.9 4.3 1.1 5.2-1.1 5.2-2.9 4.3-4.3 2.9-5.2 1.1q-3.5 0-6.5-1.7l-7.4 2.4 2.4-7.2q-1.9-3.2-1.9-6.9 0-2.7 1.1-5.2t2.9-4.3 4.3-2.9 5.2-1.1z\"\/><\/svg><\/span><span class=\"shariff-text\">teilen<\/span>&nbsp;<\/a><\/li><li class=\"shariff-button threema shariff-nocustomcolor shariff-mobile\" style=\"background-color:#4fbc24\"><a href=\"threema:\/\/compose?text=Deutsche%20Firmen%20missachten%20Menschenrechte%20im%20Ausland%20http%3A%2F%2Fwww.vernunftkraft-hessen.de%2Fwordpress%2F2017%2F06%2F21%2Fdeutsche-firmen-missachten-menschenrechte-im-ausland%2F\" title=\"Bei Threema teilen\" aria-label=\"Bei Threema teilen\" role=\"button\" rel=\"noopener nofollow\" class=\"shariff-link\" style=\"; background-color:#1f1f1f; color:#fff\" target=\"_blank\"><span class=\"shariff-icon\" style=\"\"><svg width=\"32px\" height=\"20px\" xmlns=\"http:\/\/www.w3.org\/2000\/svg\" viewBox=\"0 0 32 32\"><path fill=\"#1f1f1f\" d=\"M30.8 10.9c-0.3-1.4-0.9-2.6-1.8-3.8-2-2.6-5.5-4.5-9.4-5.2-1.3-0.2-1.9-0.3-3.5-0.3s-2.2 0-3.5 0.3c-4 0.7-7.4 2.6-9.4 5.2-0.9 1.2-1.5 2.4-1.8 3.8-0.1 0.5-0.2 1.2-0.2 1.6 0 0.4 0.1 1.1 0.2 1.6 0.4 1.9 1.3 3.4 2.9 5 0.8 0.8 0.8 0.8 0.7 1.3 0 0.6-0.5 1.6-1.7 3.6-0.3 0.5-0.5 0.9-0.5 0.9 0 0.1 0.1 0.1 0.5 0 0.8-0.2 2.3-0.6 5.6-1.6 1.1-0.3 1.3-0.4 2.3-0.4 0.8 0 1.1 0 2.3 0.2 1.5 0.2 3.5 0.2 4.9 0 5.1-0.6 9.3-2.9 11.4-6.3 0.5-0.9 0.9-1.8 1.1-2.8 0.1-0.5 0.2-1.1 0.2-1.6 0-0.7-0.1-1.1-0.2-1.6-0.3-1.4 0.1 0.5 0 0zM20.6 17.3c0 0.4-0.4 0.8-0.8 0.8h-7.7c-0.4 0-0.8-0.4-0.8-0.8v-4.6c0-0.4 0.4-0.8 0.8-0.8h0.2l0-1.6c0-0.9 0-1.8 0.1-2 0.1-0.6 0.6-1.2 1.1-1.7s1.1-0.7 1.9-0.8c1.8-0.3 3.7 0.7 4.2 2.2 0.1 0.3 0.1 0.7 0.1 2.1v0 1.7h0.1c0.4 0 0.8 0.4 0.8 0.8v4.6zM15.6 7.3c-0.5 0.1-0.8 0.3-1.2 0.6s-0.6 0.8-0.7 1.3c0 0.2 0 0.8 0 1.5l0 1.2h4.6v-1.3c0-1 0-1.4-0.1-1.6-0.3-1.1-1.5-1.9-2.6-1.7zM25.8 28.2c0 1.2-1 2.2-2.1 2.2s-2.1-1-2.1-2.1c0-1.2 1-2.1 2.2-2.1s2.2 1 2.2 2.2zM18.1 28.2c0 1.2-1 2.2-2.1 2.2s-2.1-1-2.1-2.1c0-1.2 1-2.1 2.2-2.1s2.2 1 2.2 2.2zM10.4 28.2c0 1.2-1 2.2-2.1 2.2s-2.1-1-2.1-2.1c0-1.2 1-2.1 2.2-2.1s2.2 1 2.2 2.2z\"\/><\/svg><\/span><span class=\"shariff-text\">teilen<\/span>&nbsp;<\/a><\/li><\/ul><\/div>","protected":false},"excerpt":{"rendered":"<p>Ob in Mexiko, Kolumbien oder Kenia: Wenn deutsche Konzerne im Ausland Gesch\u00e4fte machen, missachten sie h\u00e4ufig die Menschenrechte. Das zeigt eine neue Studie. In Mexiko versorgte Siemens Windparks mit Transformatoren und einer Schaltanlage. Diese Windparks h\u00e4tten Hunderte Quadratkilometer Agrarland f\u00fcr eine landwirtschaftliche Nutzung unbrauchbar gemacht; die betroffene indigene Bev\u00f6lkerung sei im Vorfeld der Vorhaben teils &hellip; <a href=\"http:\/\/www.vernunftkraft-hessen.de\/wordpress\/2017\/06\/21\/deutsche-firmen-missachten-menschenrechte-im-ausland\/\" class=\"more-link\"><span class=\"screen-reader-text\">\u201eDeutsche Firmen missachten Menschenrechte im Ausland\u201c<\/span> weiterlesen<\/a><\/p>\n<div class=\"shariff shariff-align-flex-start shariff-widget-align-flex-start\" data-services=\"facebook\" data-url=\"http%3A%2F%2Fwww.vernunftkraft-hessen.de%2Fwordpress%2F2017%2F06%2F21%2Fdeutsche-firmen-missachten-menschenrechte-im-ausland%2F\" data-timestamp=\"1498068383\" data-hidezero=\"1\" data-backendurl=\"http:\/\/www.vernunftkraft-hessen.de\/wordpress\/wp-json\/shariff\/v1\/share_counts?\"><div class=\"ShariffHeadline\">Diesen Beitrag teilen<\/div><ul class=\"shariff-buttons theme-color orientation-horizontal buttonsize-small\"><li class=\"shariff-button facebook shariff-nocustomcolor\" style=\"background-color:#4273c8\"><a href=\"https:\/\/www.facebook.com\/sharer\/sharer.php?u=http%3A%2F%2Fwww.vernunftkraft-hessen.de%2Fwordpress%2F2017%2F06%2F21%2Fdeutsche-firmen-missachten-menschenrechte-im-ausland%2F\" title=\"Bei Facebook teilen\" aria-label=\"Bei Facebook teilen\" role=\"button\" rel=\"nofollow\" class=\"shariff-link\" style=\"; background-color:#3b5998; color:#fff\" target=\"_blank\"><span class=\"shariff-icon\" style=\"\"><svg width=\"32px\" height=\"20px\" xmlns=\"http:\/\/www.w3.org\/2000\/svg\" viewBox=\"0 0 18 32\"><path fill=\"#3b5998\" d=\"M17.1 0.2v4.7h-2.8q-1.5 0-2.1 0.6t-0.5 1.9v3.4h5.2l-0.7 5.3h-4.5v13.6h-5.5v-13.6h-4.5v-5.3h4.5v-3.9q0-3.3 1.9-5.2t5-1.8q2.6 0 4.1 0.2z\"\/><\/svg><\/span><span class=\"shariff-text\">teilen<\/span>&nbsp;<span data-service=\"facebook\" style=\"color:#3b5998\" class=\"shariff-count shariff-hidezero\"><\/span>&nbsp;<\/a><\/li><li class=\"shariff-button whatsapp shariff-nocustomcolor\" style=\"background-color:#5cbe4a\"><a href=\"https:\/\/api.whatsapp.com\/send?text=http%3A%2F%2Fwww.vernunftkraft-hessen.de%2Fwordpress%2F2017%2F06%2F21%2Fdeutsche-firmen-missachten-menschenrechte-im-ausland%2F%20Deutsche%20Firmen%20missachten%20Menschenrechte%20im%20Ausland\" title=\"Bei Whatsapp teilen\" aria-label=\"Bei Whatsapp teilen\" role=\"button\" rel=\"noopener nofollow\" class=\"shariff-link\" style=\"; background-color:#34af23; color:#fff\" target=\"_blank\"><span class=\"shariff-icon\" style=\"\"><svg width=\"32px\" height=\"20px\" xmlns=\"http:\/\/www.w3.org\/2000\/svg\" viewBox=\"0 0 32 32\"><path fill=\"#34af23\" d=\"M17.6 17.4q0.2 0 1.7 0.8t1.6 0.9q0 0.1 0 0.3 0 0.6-0.3 1.4-0.3 0.7-1.3 1.2t-1.8 0.5q-1 0-3.4-1.1-1.7-0.8-3-2.1t-2.6-3.3q-1.3-1.9-1.3-3.5v-0.1q0.1-1.6 1.3-2.8 0.4-0.4 0.9-0.4 0.1 0 0.3 0t0.3 0q0.3 0 0.5 0.1t0.3 0.5q0.1 0.4 0.6 1.6t0.4 1.3q0 0.4-0.6 1t-0.6 0.8q0 0.1 0.1 0.3 0.6 1.3 1.8 2.4 1 0.9 2.7 1.8 0.2 0.1 0.4 0.1 0.3 0 1-0.9t0.9-0.9zM14 26.9q2.3 0 4.3-0.9t3.6-2.4 2.4-3.6 0.9-4.3-0.9-4.3-2.4-3.6-3.6-2.4-4.3-0.9-4.3 0.9-3.6 2.4-2.4 3.6-0.9 4.3q0 3.6 2.1 6.6l-1.4 4.2 4.3-1.4q2.8 1.9 6.2 1.9zM14 2.2q2.7 0 5.2 1.1t4.3 2.9 2.9 4.3 1.1 5.2-1.1 5.2-2.9 4.3-4.3 2.9-5.2 1.1q-3.5 0-6.5-1.7l-7.4 2.4 2.4-7.2q-1.9-3.2-1.9-6.9 0-2.7 1.1-5.2t2.9-4.3 4.3-2.9 5.2-1.1z\"\/><\/svg><\/span><span class=\"shariff-text\">teilen<\/span>&nbsp;<\/a><\/li><li class=\"shariff-button threema shariff-nocustomcolor shariff-mobile\" style=\"background-color:#4fbc24\"><a href=\"threema:\/\/compose?text=Deutsche%20Firmen%20missachten%20Menschenrechte%20im%20Ausland%20http%3A%2F%2Fwww.vernunftkraft-hessen.de%2Fwordpress%2F2017%2F06%2F21%2Fdeutsche-firmen-missachten-menschenrechte-im-ausland%2F\" title=\"Bei Threema teilen\" aria-label=\"Bei Threema teilen\" role=\"button\" rel=\"noopener nofollow\" class=\"shariff-link\" style=\"; background-color:#1f1f1f; color:#fff\" target=\"_blank\"><span class=\"shariff-icon\" style=\"\"><svg width=\"32px\" height=\"20px\" xmlns=\"http:\/\/www.w3.org\/2000\/svg\" viewBox=\"0 0 32 32\"><path fill=\"#1f1f1f\" d=\"M30.8 10.9c-0.3-1.4-0.9-2.6-1.8-3.8-2-2.6-5.5-4.5-9.4-5.2-1.3-0.2-1.9-0.3-3.5-0.3s-2.2 0-3.5 0.3c-4 0.7-7.4 2.6-9.4 5.2-0.9 1.2-1.5 2.4-1.8 3.8-0.1 0.5-0.2 1.2-0.2 1.6 0 0.4 0.1 1.1 0.2 1.6 0.4 1.9 1.3 3.4 2.9 5 0.8 0.8 0.8 0.8 0.7 1.3 0 0.6-0.5 1.6-1.7 3.6-0.3 0.5-0.5 0.9-0.5 0.9 0 0.1 0.1 0.1 0.5 0 0.8-0.2 2.3-0.6 5.6-1.6 1.1-0.3 1.3-0.4 2.3-0.4 0.8 0 1.1 0 2.3 0.2 1.5 0.2 3.5 0.2 4.9 0 5.1-0.6 9.3-2.9 11.4-6.3 0.5-0.9 0.9-1.8 1.1-2.8 0.1-0.5 0.2-1.1 0.2-1.6 0-0.7-0.1-1.1-0.2-1.6-0.3-1.4 0.1 0.5 0 0zM20.6 17.3c0 0.4-0.4 0.8-0.8 0.8h-7.7c-0.4 0-0.8-0.4-0.8-0.8v-4.6c0-0.4 0.4-0.8 0.8-0.8h0.2l0-1.6c0-0.9 0-1.8 0.1-2 0.1-0.6 0.6-1.2 1.1-1.7s1.1-0.7 1.9-0.8c1.8-0.3 3.7 0.7 4.2 2.2 0.1 0.3 0.1 0.7 0.1 2.1v0 1.7h0.1c0.4 0 0.8 0.4 0.8 0.8v4.6zM15.6 7.3c-0.5 0.1-0.8 0.3-1.2 0.6s-0.6 0.8-0.7 1.3c0 0.2 0 0.8 0 1.5l0 1.2h4.6v-1.3c0-1 0-1.4-0.1-1.6-0.3-1.1-1.5-1.9-2.6-1.7zM25.8 28.2c0 1.2-1 2.2-2.1 2.2s-2.1-1-2.1-2.1c0-1.2 1-2.1 2.2-2.1s2.2 1 2.2 2.2zM18.1 28.2c0 1.2-1 2.2-2.1 2.2s-2.1-1-2.1-2.1c0-1.2 1-2.1 2.2-2.1s2.2 1 2.2 2.2zM10.4 28.2c0 1.2-1 2.2-2.1 2.2s-2.1-1-2.1-2.1c0-1.2 1-2.1 2.2-2.1s2.2 1 2.2 2.2z\"\/><\/svg><\/span><span class=\"shariff-text\">teilen<\/span>&nbsp;<\/a><\/li><\/ul><\/div>","protected":false},"author":24,"featured_media":0,"comment_status":"closed","ping_status":"closed","sticky":false,"template":"","format":"standard","meta":{"footnotes":""},"categories":[1],"tags":[6,62],"class_list":["post-7028","post","type-post","status-publish","format-standard","hentry","category-allgemein","tag-politik","tag-wka-hersteller"],"_links":{"self":[{"href":"http:\/\/www.vernunftkraft-hessen.de\/wordpress\/wp-json\/wp\/v2\/posts\/7028","targetHints":{"allow":["GET"]}}],"collection":[{"href":"http:\/\/www.vernunftkraft-hessen.de\/wordpress\/wp-json\/wp\/v2\/posts"}],"about":[{"href":"http:\/\/www.vernunftkraft-hessen.de\/wordpress\/wp-json\/wp\/v2\/types\/post"}],"author":[{"embeddable":true,"href":"http:\/\/www.vernunftkraft-hessen.de\/wordpress\/wp-json\/wp\/v2\/users\/24"}],"replies":[{"embeddable":true,"href":"http:\/\/www.vernunftkraft-hessen.de\/wordpress\/wp-json\/wp\/v2\/comments?post=7028"}],"version-history":[{"count":3,"href":"http:\/\/www.vernunftkraft-hessen.de\/wordpress\/wp-json\/wp\/v2\/posts\/7028\/revisions"}],"predecessor-version":[{"id":7031,"href":"http:\/\/www.vernunftkraft-hessen.de\/wordpress\/wp-json\/wp\/v2\/posts\/7028\/revisions\/7031"}],"wp:attachment":[{"href":"http:\/\/www.vernunftkraft-hessen.de\/wordpress\/wp-json\/wp\/v2\/media?parent=7028"}],"wp:term":[{"taxonomy":"category","embeddable":true,"href":"http:\/\/www.vernunftkraft-hessen.de\/wordpress\/wp-json\/wp\/v2\/categories?post=7028"},{"taxonomy":"post_tag","embeddable":true,"href":"http:\/\/www.vernunftkraft-hessen.de\/wordpress\/wp-json\/wp\/v2\/tags?post=7028"}],"curies":[{"name":"wp","href":"https:\/\/api.w.org\/{rel}","templated":true}]}}