{"id":8203,"date":"2017-09-09T23:05:47","date_gmt":"2017-09-09T21:05:47","guid":{"rendered":"http:\/\/www.vernunftkraft-hessen.de\/wordpress\/?p=8203"},"modified":"2017-09-10T16:21:15","modified_gmt":"2017-09-10T14:21:15","slug":"demo-kundgebung-gegen-windkraft-am-09-september-in-fulda","status":"publish","type":"post","link":"http:\/\/www.vernunftkraft-hessen.de\/wordpress\/2017\/09\/09\/demo-kundgebung-gegen-windkraft-am-09-september-in-fulda\/","title":{"rendered":"Demo und Kundgebung gegen Windkraft am 09. September in Fulda"},"content":{"rendered":"<p><strong><img loading=\"lazy\" decoding=\"async\" class=\"alignleft\" title=\"\" src=\"https:\/\/www.vernunftkraft-odenwald.de\/wp-content\/uploads\/11569409-img-8049.jpg\" alt=\"\" width=\"230\" height=\"153\" \/>Mit der Parole &#8220;Wer Natur und Menschen qu\u00e4lt, wird im September abgew\u00e4hlt&#8221; zogen Vernunftb\u00fcrgerInnen am 09. September durch die Fuldaer Innenstadt. <\/strong><\/p>\n<p>&nbsp;<\/p>\n<p><strong>Bei der anschlie\u00dfenden Kundgebung traten<img loading=\"lazy\" decoding=\"async\" class=\"alignright\" title=\"\" src=\"https:\/\/www.vernunftkraft-odenwald.de\/wp-content\/uploads\/11569409-img-8138.jpg\" alt=\"\" width=\"173\" height=\"115\" \/><br \/>\nDr.- Ing. Detlef Ahlborn (Foto),<br \/>\nHarry Neumann, Vorsitzender<br \/>\nNaturschutzinitiative e.V. und<br \/>\nRen\u00e9 Rock, Fraktionsvorsitzender der FDP im<br \/>\nhessischen Landtag als Gastredner auf.<\/strong><\/p>\n<p>Aufgerufen zur Demo mit Kundgebung gegen das EEG und die Zerst\u00f6rung unserer Natur hatte der Landesverband Vernunftkraft Hessen, organisiert wurde die Demonstration von Vernunftkraft Osthessen.<br \/>\nRolf Zimmermann, Vorsitzender des Landesverbandes Vernunftkraft Hessen und J\u00f6rg Clar von Vernunftkraft Osthessen f\u00fchrten durch die Veranstaltung.<\/p>\n<p class=\"headline\"><a href=\"http:\/\/www.vernunftkraft-hessen.de\/wordpress\/wp-content\/uploads\/2017\/09\/klotzsche.jpg\"><img loading=\"lazy\" decoding=\"async\" class=\" wp-image-8219 aligncenter\" src=\"http:\/\/www.vernunftkraft-hessen.de\/wordpress\/wp-content\/uploads\/2017\/09\/klotzsche-1024x768.jpg\" alt=\"\" width=\"398\" height=\"298\" srcset=\"http:\/\/www.vernunftkraft-hessen.de\/wordpress\/wp-content\/uploads\/2017\/09\/klotzsche-1024x768.jpg 1024w, http:\/\/www.vernunftkraft-hessen.de\/wordpress\/wp-content\/uploads\/2017\/09\/klotzsche-300x225.jpg 300w, http:\/\/www.vernunftkraft-hessen.de\/wordpress\/wp-content\/uploads\/2017\/09\/klotzsche-768x576.jpg 768w, http:\/\/www.vernunftkraft-hessen.de\/wordpress\/wp-content\/uploads\/2017\/09\/klotzsche-1200x900.jpg 1200w, http:\/\/www.vernunftkraft-hessen.de\/wordpress\/wp-content\/uploads\/2017\/09\/klotzsche.jpg 1440w\" sizes=\"auto, (max-width: 398px) 85vw, 398px\" \/><\/a>Alle die in Fulda nicht dabei sein konnten oder gerne nochmal den Tag durch Bilder, Videos und Presseberichte reflektieren m\u00f6chten, finden hier eine kleine Sammlung.<\/p>\n<p class=\"headline\" style=\"text-align: center;\"><!--more--><\/p>\n<hr \/>\n<p style=\"text-align: center;\">Wir demonstrierten mit!<\/p>\n<div id='gallery-1' class='gallery galleryid-8203 gallery-columns-3 gallery-size-thumbnail'><figure class='gallery-item'>\n\t\t\t<div class='gallery-icon landscape'>\n\t\t\t\t<img loading=\"lazy\" decoding=\"async\" width=\"150\" height=\"150\" src=\"http:\/\/www.vernunftkraft-hessen.de\/wordpress\/wp-content\/uploads\/2017\/09\/Sagan-Marbach-150x150.jpg\" class=\"attachment-thumbnail size-thumbnail\" alt=\"\" aria-describedby=\"gallery-1-8206\" \/>\n\t\t\t<\/div>\n\t\t\t\t<figcaption class='wp-caption-text gallery-caption' id='gallery-1-8206'>\n\t\t\t\tDoris und G\u00fcnter Sagan aus Marbach: &#8220;Wer W\u00e4lder zerst\u00f6rt, dem geht es nur ums Geld.&#8221; Foto: Marius Auth; Osthessen News\n\t\t\t\t<\/figcaption><\/figure><figure class='gallery-item'>\n\t\t\t<div class='gallery-icon landscape'>\n\t\t\t\t<img loading=\"lazy\" decoding=\"async\" width=\"150\" height=\"150\" src=\"http:\/\/www.vernunftkraft-hessen.de\/wordpress\/wp-content\/uploads\/2017\/09\/Hock-Marbach-150x150.jpg\" class=\"attachment-thumbnail size-thumbnail\" alt=\"\" aria-describedby=\"gallery-1-8205\" \/>\n\t\t\t<\/div>\n\t\t\t\t<figcaption class='wp-caption-text gallery-caption' id='gallery-1-8205'>\n\t\t\t\tHelga Helgert-Hock aus Marbach: &#8220;Windkraft ist nicht effektiv genug und zerst\u00f6rt die Umwelt.&#8221; Foto: Marius Auth; Osthessen News\n\t\t\t\t<\/figcaption><\/figure><figure class='gallery-item'>\n\t\t\t<div class='gallery-icon landscape'>\n\t\t\t\t<img loading=\"lazy\" decoding=\"async\" width=\"150\" height=\"150\" src=\"http:\/\/www.vernunftkraft-hessen.de\/wordpress\/wp-content\/uploads\/2017\/09\/G\u00f6b-Harmerz-150x150.jpg\" class=\"attachment-thumbnail size-thumbnail\" alt=\"\" aria-describedby=\"gallery-1-8204\" \/>\n\t\t\t<\/div>\n\t\t\t\t<figcaption class='wp-caption-text gallery-caption' id='gallery-1-8204'>\n\t\t\t\tMarkus und Petra G\u00f6b aus Harmerz: &#8220;Ohne Subventionen k\u00f6nnten die Windr\u00e4der nicht wirtschaftlich betrieben werden.&#8221; Foto: Marius Auth; Osthessen News\n\t\t\t\t<\/figcaption><\/figure>\n\t\t<\/div>\n\n<hr \/>\n<p class=\"headline\"><strong>&#8220;Kriegskl\u00e4rung an den l\u00e4ndlichen Raum&#8221;: Anti-Windkraft-Demo in Fulda,<\/strong> <strong>so titelten die Osthessen News.<\/strong><\/p>\n<p class=\"headline\">Den kompletten Bericht der Osthessen News mit vielen Fotos k\u00f6nnen Sie hier lesen: <a href=\"http:\/\/osthessen-news.de\/n11569409\/kriegersklarung-an-den-landlichen-raum-anti-windkraft-demo-in-fulda.html\" target=\"_blank\" rel=\"noopener noreferrer\">http:\/\/osthessen-news.de\/n11569409\/kriegersklarung-an-den-landlichen-raum-anti-windkraft-demo-in-fulda.html<\/a><\/p>\n<hr \/>\n<div class=\"header\">\n<p>Die Osthessen Zeitung schreibt:<br \/>\n<strong>Windkraftgegner demonstrieren \u2013 \u201eEnergiepolitik aus dem Tollhaus\u201c<br \/>\n<\/strong>Fulda \u2013 <i>Von Lea Hohmann<\/i> \u2013 Gegen das Erneuerbare-Energien-Gesetz und die Zerst\u00f6rung der Natur durch Windkraftanlagen wurde am Samstagnachmittag anl\u00e4sslich der bevorstehenden Bundestagswahl\u00a0 in der Fuldaer Innenstadt demonstriert. Vernunftkraft hatte zu der Kundgebung auf dem Bahnhofsvorplatz eingeladen. 200 bis 300 Windkraftgegner, darunter zahlreiche Vertreter verschiedener B\u00fcrgerinitiativen, waren gekommen (update).<\/p>\n<p>Kompletten Bericht hier lesen: <a href=\"http:\/\/www.osthessen-zeitung.de\/einzelansicht\/news\/2017\/september\/windkraftgegner-demonstrieren-in-fulda-kundgebung-vor-bahnhof.html\" target=\"_blank\" rel=\"noopener noreferrer\">http:\/\/www.osthessen-zeitung.de\/einzelansicht\/news\/2017\/september\/windkraftgegner-demonstrieren-in-fulda-kundgebung-vor-bahnhof.html<\/a><\/p>\n<hr \/>\n<\/div>\n<p class=\"headline font-1 medium bold\"><strong><span class=\"priority-content\">\u201eSch\u00fctzt den Lebensraum!\u201c Windkraftgegner demonstrieren in Fulda,<br \/>\n<\/span><\/strong><span class=\"priority-content\">so die \u00dcberschrift der Fuldaer Zeitung.<\/span><\/p>\n<p class=\"headline font-1 medium bold\">Kompletten Bericht hier lesen: <a href=\"http:\/\/www.fuldaerzeitung.de\/regional\/fulda\/schutzt-den-lebensraum-120-windkraftgegner-demonstrieren-in-fulda-CL6926037\" target=\"_blank\" rel=\"noopener noreferrer\">http:\/\/www.fuldaerzeitung.de\/regional\/fulda\/schutzt-den-lebensraum-120-windkraftgegner-demonstrieren-in-fulda-CL6926037<\/a><\/p>\n<hr \/>\n<p class=\"headline font-1 medium bold\">Mit Dank an Mario Klotzsche f\u00fcr die Videos<\/p>\n<p class=\"headline font-1 medium bold\" style=\"text-align: center;\"><strong>Videos vom Demonstrationszug durch die Innenstadt<\/strong><\/p>\n<div id=\"news\" class=\"news\">\n<table style=\"width: 552px; height: 1259px;\">\n<tbody>\n<tr style=\"height: 512px;\">\n<td style=\"width: 271px; height: 512px;\"><iframe loading=\"lazy\" style=\"border: none; overflow: hidden;\" src=\"https:\/\/www.facebook.com\/plugins\/video.php?href=https%3A%2F%2Fwww.facebook.com%2Fmario.klotzsche%2Fvideos%2F10210226762891086%2F&amp;show_text=0&amp;width=267\" width=\"267\" height=\"476\" frameborder=\"0\" scrolling=\"no\" allowfullscreen=\"allowfullscreen\"><\/iframe><\/td>\n<td style=\"width: 271px; height: 512px;\"><iframe loading=\"lazy\" style=\"border: none; overflow: hidden;\" src=\"https:\/\/www.facebook.com\/plugins\/video.php?href=https%3A%2F%2Fwww.facebook.com%2Fmario.klotzsche%2Fvideos%2F10210226843053090%2F&amp;show_text=0&amp;width=267\" width=\"267\" height=\"476\" frameborder=\"0\" scrolling=\"no\" allowfullscreen=\"allowfullscreen\"><\/iframe><\/td>\n<\/tr>\n<tr style=\"height: 568px;\">\n<td style=\"width: 271px; height: 568px;\">\n<p style=\"text-align: center;\"><strong>Redner: Ren\u00e8 Rock<\/strong><\/p>\n<p><iframe loading=\"lazy\" style=\"border: none; overflow: hidden;\" src=\"https:\/\/www.facebook.com\/plugins\/video.php?href=https%3A%2F%2Fwww.facebook.com%2Fmario.klotzsche%2Fvideos%2F10210227351985813%2F&amp;show_text=0&amp;width=267\" width=\"267\" height=\"476\" frameborder=\"0\" scrolling=\"no\" allowfullscreen=\"allowfullscreen\"><\/iframe><\/td>\n<td style=\"width: 271px; height: 568px;\">\n<p style=\"text-align: center;\"><strong>Redner: Detlef Ahlborn<\/strong><\/p>\n<p><iframe loading=\"lazy\" style=\"border: none; overflow: hidden;\" src=\"https:\/\/www.facebook.com\/plugins\/video.php?href=https%3A%2F%2Fwww.facebook.com%2Fmario.klotzsche%2Fvideos%2F10210226970536277%2F&amp;show_text=0&amp;width=267\" width=\"267\" height=\"476\" frameborder=\"0\" scrolling=\"no\" allowfullscreen=\"allowfullscreen\"><\/iframe><\/td>\n<\/tr>\n<tr style=\"height: 568px;\">\n<td style=\"width: 271px; height: 568px;\" colspan=\"2\">\n<p style=\"text-align: center;\"><strong>Redner: Detlef Ahlborn (Teil 2)<\/strong><\/p>\n<p style=\"text-align: center;\"><strong><iframe loading=\"lazy\" style=\"border: none; overflow: hidden;\" src=\"https:\/\/www.facebook.com\/plugins\/video.php?href=https%3A%2F%2Fwww.facebook.com%2Fmario.klotzsche%2Fvideos%2F10210227096579428%2F&amp;show_text=0&amp;width=267\" width=\"267\" height=\"476\" frameborder=\"0\" scrolling=\"no\" allowfullscreen=\"allowfullscreen\"><\/iframe><\/strong><\/p>\n<\/td>\n<\/tr>\n<\/tbody>\n<\/table>\n<\/div>\n<div class=\"shariff shariff-align-flex-start shariff-widget-align-flex-start\" data-services=\"facebook\" data-url=\"http%3A%2F%2Fwww.vernunftkraft-hessen.de%2Fwordpress%2F2017%2F09%2F09%2Fdemo-kundgebung-gegen-windkraft-am-09-september-in-fulda%2F\" data-timestamp=\"1505060475\" data-hidezero=\"1\" data-backendurl=\"http:\/\/www.vernunftkraft-hessen.de\/wordpress\/wp-json\/shariff\/v1\/share_counts?\"><div class=\"ShariffHeadline\">Diesen Beitrag teilen<\/div><ul class=\"shariff-buttons theme-color orientation-horizontal buttonsize-small\"><li class=\"shariff-button facebook shariff-nocustomcolor\" style=\"background-color:#4273c8\"><a href=\"https:\/\/www.facebook.com\/sharer\/sharer.php?u=http%3A%2F%2Fwww.vernunftkraft-hessen.de%2Fwordpress%2F2017%2F09%2F09%2Fdemo-kundgebung-gegen-windkraft-am-09-september-in-fulda%2F\" title=\"Bei Facebook teilen\" aria-label=\"Bei Facebook teilen\" role=\"button\" rel=\"nofollow\" class=\"shariff-link\" style=\"; background-color:#3b5998; color:#fff\" target=\"_blank\"><span class=\"shariff-icon\" style=\"\"><svg width=\"32px\" height=\"20px\" xmlns=\"http:\/\/www.w3.org\/2000\/svg\" viewBox=\"0 0 18 32\"><path fill=\"#3b5998\" d=\"M17.1 0.2v4.7h-2.8q-1.5 0-2.1 0.6t-0.5 1.9v3.4h5.2l-0.7 5.3h-4.5v13.6h-5.5v-13.6h-4.5v-5.3h4.5v-3.9q0-3.3 1.9-5.2t5-1.8q2.6 0 4.1 0.2z\"\/><\/svg><\/span><span class=\"shariff-text\">teilen<\/span>&nbsp;<span data-service=\"facebook\" style=\"color:#3b5998\" class=\"shariff-count shariff-hidezero\"><\/span>&nbsp;<\/a><\/li><li class=\"shariff-button whatsapp shariff-nocustomcolor\" style=\"background-color:#5cbe4a\"><a href=\"https:\/\/api.whatsapp.com\/send?text=http%3A%2F%2Fwww.vernunftkraft-hessen.de%2Fwordpress%2F2017%2F09%2F09%2Fdemo-kundgebung-gegen-windkraft-am-09-september-in-fulda%2F%20Demo%20und%20Kundgebung%20gegen%20Windkraft%20am%2009.%20September%20in%20Fulda\" title=\"Bei Whatsapp teilen\" aria-label=\"Bei Whatsapp teilen\" role=\"button\" rel=\"noopener nofollow\" class=\"shariff-link\" style=\"; background-color:#34af23; color:#fff\" target=\"_blank\"><span class=\"shariff-icon\" style=\"\"><svg width=\"32px\" height=\"20px\" xmlns=\"http:\/\/www.w3.org\/2000\/svg\" viewBox=\"0 0 32 32\"><path fill=\"#34af23\" d=\"M17.6 17.4q0.2 0 1.7 0.8t1.6 0.9q0 0.1 0 0.3 0 0.6-0.3 1.4-0.3 0.7-1.3 1.2t-1.8 0.5q-1 0-3.4-1.1-1.7-0.8-3-2.1t-2.6-3.3q-1.3-1.9-1.3-3.5v-0.1q0.1-1.6 1.3-2.8 0.4-0.4 0.9-0.4 0.1 0 0.3 0t0.3 0q0.3 0 0.5 0.1t0.3 0.5q0.1 0.4 0.6 1.6t0.4 1.3q0 0.4-0.6 1t-0.6 0.8q0 0.1 0.1 0.3 0.6 1.3 1.8 2.4 1 0.9 2.7 1.8 0.2 0.1 0.4 0.1 0.3 0 1-0.9t0.9-0.9zM14 26.9q2.3 0 4.3-0.9t3.6-2.4 2.4-3.6 0.9-4.3-0.9-4.3-2.4-3.6-3.6-2.4-4.3-0.9-4.3 0.9-3.6 2.4-2.4 3.6-0.9 4.3q0 3.6 2.1 6.6l-1.4 4.2 4.3-1.4q2.8 1.9 6.2 1.9zM14 2.2q2.7 0 5.2 1.1t4.3 2.9 2.9 4.3 1.1 5.2-1.1 5.2-2.9 4.3-4.3 2.9-5.2 1.1q-3.5 0-6.5-1.7l-7.4 2.4 2.4-7.2q-1.9-3.2-1.9-6.9 0-2.7 1.1-5.2t2.9-4.3 4.3-2.9 5.2-1.1z\"\/><\/svg><\/span><span class=\"shariff-text\">teilen<\/span>&nbsp;<\/a><\/li><li class=\"shariff-button threema shariff-nocustomcolor shariff-mobile\" style=\"background-color:#4fbc24\"><a href=\"threema:\/\/compose?text=Demo%20und%20Kundgebung%20gegen%20Windkraft%20am%2009.%20September%20in%20Fulda%20http%3A%2F%2Fwww.vernunftkraft-hessen.de%2Fwordpress%2F2017%2F09%2F09%2Fdemo-kundgebung-gegen-windkraft-am-09-september-in-fulda%2F\" title=\"Bei Threema teilen\" aria-label=\"Bei Threema teilen\" role=\"button\" rel=\"noopener nofollow\" class=\"shariff-link\" style=\"; background-color:#1f1f1f; color:#fff\" target=\"_blank\"><span class=\"shariff-icon\" style=\"\"><svg width=\"32px\" height=\"20px\" xmlns=\"http:\/\/www.w3.org\/2000\/svg\" viewBox=\"0 0 32 32\"><path fill=\"#1f1f1f\" d=\"M30.8 10.9c-0.3-1.4-0.9-2.6-1.8-3.8-2-2.6-5.5-4.5-9.4-5.2-1.3-0.2-1.9-0.3-3.5-0.3s-2.2 0-3.5 0.3c-4 0.7-7.4 2.6-9.4 5.2-0.9 1.2-1.5 2.4-1.8 3.8-0.1 0.5-0.2 1.2-0.2 1.6 0 0.4 0.1 1.1 0.2 1.6 0.4 1.9 1.3 3.4 2.9 5 0.8 0.8 0.8 0.8 0.7 1.3 0 0.6-0.5 1.6-1.7 3.6-0.3 0.5-0.5 0.9-0.5 0.9 0 0.1 0.1 0.1 0.5 0 0.8-0.2 2.3-0.6 5.6-1.6 1.1-0.3 1.3-0.4 2.3-0.4 0.8 0 1.1 0 2.3 0.2 1.5 0.2 3.5 0.2 4.9 0 5.1-0.6 9.3-2.9 11.4-6.3 0.5-0.9 0.9-1.8 1.1-2.8 0.1-0.5 0.2-1.1 0.2-1.6 0-0.7-0.1-1.1-0.2-1.6-0.3-1.4 0.1 0.5 0 0zM20.6 17.3c0 0.4-0.4 0.8-0.8 0.8h-7.7c-0.4 0-0.8-0.4-0.8-0.8v-4.6c0-0.4 0.4-0.8 0.8-0.8h0.2l0-1.6c0-0.9 0-1.8 0.1-2 0.1-0.6 0.6-1.2 1.1-1.7s1.1-0.7 1.9-0.8c1.8-0.3 3.7 0.7 4.2 2.2 0.1 0.3 0.1 0.7 0.1 2.1v0 1.7h0.1c0.4 0 0.8 0.4 0.8 0.8v4.6zM15.6 7.3c-0.5 0.1-0.8 0.3-1.2 0.6s-0.6 0.8-0.7 1.3c0 0.2 0 0.8 0 1.5l0 1.2h4.6v-1.3c0-1 0-1.4-0.1-1.6-0.3-1.1-1.5-1.9-2.6-1.7zM25.8 28.2c0 1.2-1 2.2-2.1 2.2s-2.1-1-2.1-2.1c0-1.2 1-2.1 2.2-2.1s2.2 1 2.2 2.2zM18.1 28.2c0 1.2-1 2.2-2.1 2.2s-2.1-1-2.1-2.1c0-1.2 1-2.1 2.2-2.1s2.2 1 2.2 2.2zM10.4 28.2c0 1.2-1 2.2-2.1 2.2s-2.1-1-2.1-2.1c0-1.2 1-2.1 2.2-2.1s2.2 1 2.2 2.2z\"\/><\/svg><\/span><span class=\"shariff-text\">teilen<\/span>&nbsp;<\/a><\/li><\/ul><\/div>","protected":false},"excerpt":{"rendered":"<p>Mit der Parole &#8220;Wer Natur und Menschen qu\u00e4lt, wird im September abgew\u00e4hlt&#8221; zogen Vernunftb\u00fcrgerInnen am 09. September durch die Fuldaer Innenstadt. &nbsp; Bei der anschlie\u00dfenden Kundgebung traten Dr.- Ing. Detlef Ahlborn (Foto), Harry Neumann, Vorsitzender Naturschutzinitiative e.V. und Ren\u00e9 Rock, Fraktionsvorsitzender der FDP im hessischen Landtag als Gastredner auf. Aufgerufen zur Demo mit Kundgebung gegen &hellip; <a href=\"http:\/\/www.vernunftkraft-hessen.de\/wordpress\/2017\/09\/09\/demo-kundgebung-gegen-windkraft-am-09-september-in-fulda\/\" class=\"more-link\"><span class=\"screen-reader-text\">\u201eDemo und Kundgebung gegen Windkraft am 09. September in Fulda\u201c<\/span> weiterlesen<\/a><\/p>\n<div class=\"shariff shariff-align-flex-start shariff-widget-align-flex-start\" data-services=\"facebook\" data-url=\"http%3A%2F%2Fwww.vernunftkraft-hessen.de%2Fwordpress%2F2017%2F09%2F09%2Fdemo-kundgebung-gegen-windkraft-am-09-september-in-fulda%2F\" data-timestamp=\"1505060475\" data-hidezero=\"1\" data-backendurl=\"http:\/\/www.vernunftkraft-hessen.de\/wordpress\/wp-json\/shariff\/v1\/share_counts?\"><div class=\"ShariffHeadline\">Diesen Beitrag teilen<\/div><ul class=\"shariff-buttons theme-color orientation-horizontal buttonsize-small\"><li class=\"shariff-button facebook shariff-nocustomcolor\" style=\"background-color:#4273c8\"><a href=\"https:\/\/www.facebook.com\/sharer\/sharer.php?u=http%3A%2F%2Fwww.vernunftkraft-hessen.de%2Fwordpress%2F2017%2F09%2F09%2Fdemo-kundgebung-gegen-windkraft-am-09-september-in-fulda%2F\" title=\"Bei Facebook teilen\" aria-label=\"Bei Facebook teilen\" role=\"button\" rel=\"nofollow\" class=\"shariff-link\" style=\"; background-color:#3b5998; color:#fff\" target=\"_blank\"><span class=\"shariff-icon\" style=\"\"><svg width=\"32px\" height=\"20px\" xmlns=\"http:\/\/www.w3.org\/2000\/svg\" viewBox=\"0 0 18 32\"><path fill=\"#3b5998\" d=\"M17.1 0.2v4.7h-2.8q-1.5 0-2.1 0.6t-0.5 1.9v3.4h5.2l-0.7 5.3h-4.5v13.6h-5.5v-13.6h-4.5v-5.3h4.5v-3.9q0-3.3 1.9-5.2t5-1.8q2.6 0 4.1 0.2z\"\/><\/svg><\/span><span class=\"shariff-text\">teilen<\/span>&nbsp;<span data-service=\"facebook\" style=\"color:#3b5998\" class=\"shariff-count shariff-hidezero\"><\/span>&nbsp;<\/a><\/li><li class=\"shariff-button whatsapp shariff-nocustomcolor\" style=\"background-color:#5cbe4a\"><a href=\"https:\/\/api.whatsapp.com\/send?text=http%3A%2F%2Fwww.vernunftkraft-hessen.de%2Fwordpress%2F2017%2F09%2F09%2Fdemo-kundgebung-gegen-windkraft-am-09-september-in-fulda%2F%20Demo%20und%20Kundgebung%20gegen%20Windkraft%20am%2009.%20September%20in%20Fulda\" title=\"Bei Whatsapp teilen\" aria-label=\"Bei Whatsapp teilen\" role=\"button\" rel=\"noopener nofollow\" class=\"shariff-link\" style=\"; background-color:#34af23; color:#fff\" target=\"_blank\"><span class=\"shariff-icon\" style=\"\"><svg width=\"32px\" height=\"20px\" xmlns=\"http:\/\/www.w3.org\/2000\/svg\" viewBox=\"0 0 32 32\"><path fill=\"#34af23\" d=\"M17.6 17.4q0.2 0 1.7 0.8t1.6 0.9q0 0.1 0 0.3 0 0.6-0.3 1.4-0.3 0.7-1.3 1.2t-1.8 0.5q-1 0-3.4-1.1-1.7-0.8-3-2.1t-2.6-3.3q-1.3-1.9-1.3-3.5v-0.1q0.1-1.6 1.3-2.8 0.4-0.4 0.9-0.4 0.1 0 0.3 0t0.3 0q0.3 0 0.5 0.1t0.3 0.5q0.1 0.4 0.6 1.6t0.4 1.3q0 0.4-0.6 1t-0.6 0.8q0 0.1 0.1 0.3 0.6 1.3 1.8 2.4 1 0.9 2.7 1.8 0.2 0.1 0.4 0.1 0.3 0 1-0.9t0.9-0.9zM14 26.9q2.3 0 4.3-0.9t3.6-2.4 2.4-3.6 0.9-4.3-0.9-4.3-2.4-3.6-3.6-2.4-4.3-0.9-4.3 0.9-3.6 2.4-2.4 3.6-0.9 4.3q0 3.6 2.1 6.6l-1.4 4.2 4.3-1.4q2.8 1.9 6.2 1.9zM14 2.2q2.7 0 5.2 1.1t4.3 2.9 2.9 4.3 1.1 5.2-1.1 5.2-2.9 4.3-4.3 2.9-5.2 1.1q-3.5 0-6.5-1.7l-7.4 2.4 2.4-7.2q-1.9-3.2-1.9-6.9 0-2.7 1.1-5.2t2.9-4.3 4.3-2.9 5.2-1.1z\"\/><\/svg><\/span><span class=\"shariff-text\">teilen<\/span>&nbsp;<\/a><\/li><li class=\"shariff-button threema shariff-nocustomcolor shariff-mobile\" style=\"background-color:#4fbc24\"><a href=\"threema:\/\/compose?text=Demo%20und%20Kundgebung%20gegen%20Windkraft%20am%2009.%20September%20in%20Fulda%20http%3A%2F%2Fwww.vernunftkraft-hessen.de%2Fwordpress%2F2017%2F09%2F09%2Fdemo-kundgebung-gegen-windkraft-am-09-september-in-fulda%2F\" title=\"Bei Threema teilen\" aria-label=\"Bei Threema teilen\" role=\"button\" rel=\"noopener nofollow\" class=\"shariff-link\" style=\"; background-color:#1f1f1f; color:#fff\" target=\"_blank\"><span class=\"shariff-icon\" style=\"\"><svg width=\"32px\" height=\"20px\" xmlns=\"http:\/\/www.w3.org\/2000\/svg\" viewBox=\"0 0 32 32\"><path fill=\"#1f1f1f\" d=\"M30.8 10.9c-0.3-1.4-0.9-2.6-1.8-3.8-2-2.6-5.5-4.5-9.4-5.2-1.3-0.2-1.9-0.3-3.5-0.3s-2.2 0-3.5 0.3c-4 0.7-7.4 2.6-9.4 5.2-0.9 1.2-1.5 2.4-1.8 3.8-0.1 0.5-0.2 1.2-0.2 1.6 0 0.4 0.1 1.1 0.2 1.6 0.4 1.9 1.3 3.4 2.9 5 0.8 0.8 0.8 0.8 0.7 1.3 0 0.6-0.5 1.6-1.7 3.6-0.3 0.5-0.5 0.9-0.5 0.9 0 0.1 0.1 0.1 0.5 0 0.8-0.2 2.3-0.6 5.6-1.6 1.1-0.3 1.3-0.4 2.3-0.4 0.8 0 1.1 0 2.3 0.2 1.5 0.2 3.5 0.2 4.9 0 5.1-0.6 9.3-2.9 11.4-6.3 0.5-0.9 0.9-1.8 1.1-2.8 0.1-0.5 0.2-1.1 0.2-1.6 0-0.7-0.1-1.1-0.2-1.6-0.3-1.4 0.1 0.5 0 0zM20.6 17.3c0 0.4-0.4 0.8-0.8 0.8h-7.7c-0.4 0-0.8-0.4-0.8-0.8v-4.6c0-0.4 0.4-0.8 0.8-0.8h0.2l0-1.6c0-0.9 0-1.8 0.1-2 0.1-0.6 0.6-1.2 1.1-1.7s1.1-0.7 1.9-0.8c1.8-0.3 3.7 0.7 4.2 2.2 0.1 0.3 0.1 0.7 0.1 2.1v0 1.7h0.1c0.4 0 0.8 0.4 0.8 0.8v4.6zM15.6 7.3c-0.5 0.1-0.8 0.3-1.2 0.6s-0.6 0.8-0.7 1.3c0 0.2 0 0.8 0 1.5l0 1.2h4.6v-1.3c0-1 0-1.4-0.1-1.6-0.3-1.1-1.5-1.9-2.6-1.7zM25.8 28.2c0 1.2-1 2.2-2.1 2.2s-2.1-1-2.1-2.1c0-1.2 1-2.1 2.2-2.1s2.2 1 2.2 2.2zM18.1 28.2c0 1.2-1 2.2-2.1 2.2s-2.1-1-2.1-2.1c0-1.2 1-2.1 2.2-2.1s2.2 1 2.2 2.2zM10.4 28.2c0 1.2-1 2.2-2.1 2.2s-2.1-1-2.1-2.1c0-1.2 1-2.1 2.2-2.1s2.2 1 2.2 2.2z\"\/><\/svg><\/span><span class=\"shariff-text\">teilen<\/span>&nbsp;<\/a><\/li><\/ul><\/div>","protected":false},"author":26,"featured_media":0,"comment_status":"closed","ping_status":"closed","sticky":false,"template":"","format":"standard","meta":{"footnotes":""},"categories":[68],"tags":[216,11,63],"class_list":["post-8203","post","type-post","status-publish","format-standard","hentry","category-widerstand","tag-demo","tag-veranstaltung","tag-widerstand"],"_links":{"self":[{"href":"http:\/\/www.vernunftkraft-hessen.de\/wordpress\/wp-json\/wp\/v2\/posts\/8203","targetHints":{"allow":["GET"]}}],"collection":[{"href":"http:\/\/www.vernunftkraft-hessen.de\/wordpress\/wp-json\/wp\/v2\/posts"}],"about":[{"href":"http:\/\/www.vernunftkraft-hessen.de\/wordpress\/wp-json\/wp\/v2\/types\/post"}],"author":[{"embeddable":true,"href":"http:\/\/www.vernunftkraft-hessen.de\/wordpress\/wp-json\/wp\/v2\/users\/26"}],"replies":[{"embeddable":true,"href":"http:\/\/www.vernunftkraft-hessen.de\/wordpress\/wp-json\/wp\/v2\/comments?post=8203"}],"version-history":[{"count":15,"href":"http:\/\/www.vernunftkraft-hessen.de\/wordpress\/wp-json\/wp\/v2\/posts\/8203\/revisions"}],"predecessor-version":[{"id":8223,"href":"http:\/\/www.vernunftkraft-hessen.de\/wordpress\/wp-json\/wp\/v2\/posts\/8203\/revisions\/8223"}],"wp:attachment":[{"href":"http:\/\/www.vernunftkraft-hessen.de\/wordpress\/wp-json\/wp\/v2\/media?parent=8203"}],"wp:term":[{"taxonomy":"category","embeddable":true,"href":"http:\/\/www.vernunftkraft-hessen.de\/wordpress\/wp-json\/wp\/v2\/categories?post=8203"},{"taxonomy":"post_tag","embeddable":true,"href":"http:\/\/www.vernunftkraft-hessen.de\/wordpress\/wp-json\/wp\/v2\/tags?post=8203"}],"curies":[{"name":"wp","href":"https:\/\/api.w.org\/{rel}","templated":true}]}}