{"id":8246,"date":"2017-09-10T17:53:22","date_gmt":"2017-09-10T15:53:22","guid":{"rendered":"http:\/\/www.vernunftkraft-hessen.de\/wordpress\/?p=8246"},"modified":"2017-09-11T03:22:00","modified_gmt":"2017-09-11T01:22:00","slug":"zusammenstellung-der-klarsicht-ausgaben","status":"publish","type":"post","link":"http:\/\/www.vernunftkraft-hessen.de\/wordpress\/2017\/09\/10\/zusammenstellung-der-klarsicht-ausgaben\/","title":{"rendered":"Zusammenstellung der KLARSICHT &#8211; Ausgaben"},"content":{"rendered":"<p><strong>In dieser Kategorie ver\u00f6ffentlicht Vernunftkraft Odenwald e.V. in unregelm\u00e4\u00dfiger Folge zu Ihrer Information und als Argumentationshilfe gegen dogmatische und ideologisch einseitige Betrachtungsweisen die Informationsbrosch\u00fcre \u201eKlarsicht\u201c\u00a0 von Dipl.-Ing. Norbert Patzner und Steven Michelbach.<\/strong><em><br \/>\n<\/em><\/p>\n<p><em>Die beiden Autoren befassen sich beruflich und privat seit Jahren mit den Themen Umweltschutz, Energietechnologien und Klimatologie und<\/em> <em>haben sich das Ziel gesetzt, bis zur Bundestagswahl am 24. September 2017 wesentliche Informationen zu den Themen Klimawandel und Energiewende zusammenzustellen.<\/em><\/p>\n<p><strong>Bisher erschienene Ausgaben der KLARSICHT &#8211; Reihe:<\/strong><\/p>\n<p><!--more--><\/p>\n<p><a href=\"https:\/\/www.vernunftkraft-odenwald.de\/wp-content\/uploads\/KLARSICHT-1_-print-Klimawandel-Der-Einfluss-von-Natur-und-Mensch.pdf\" target=\"_blank\" rel=\"noopener noreferrer\">Klarsicht Nr. 1: Trailer und Projektvorstellung <\/a><\/p>\n<p><a href=\"https:\/\/www.vernunftkraft-odenwald.de\/wp-content\/uploads\/KLARSICHT-2_print-Klima%C3%A4nderungen-seit-Jahrmillionen-2_17.pdf\" target=\"_blank\" rel=\"noopener noreferrer\">Klarsicht Nr. 2: Klimawandel &#8211; Klima\u00e4nderungen seit Jahrmillionen <\/a><\/p>\n<p><a href=\"https:\/\/www.vernunftkraft-odenwald.de\/wp-content\/uploads\/KLARSICHT-3_-print-Ist-der-Mensch-in-der-Lage-%C3%BCber-einen-verst%C3%A4rkten-Aussto%C3%9F-an-Kohlenstoffdioxid-CO2-das-Klima-zu-beeinflussen.pdf\" target=\"_blank\" rel=\"noopener noreferrer\">Klarsicht Nr. 3: Kohlenstoffdioxid &#8211; CO2: Verursacher des Klimawandels oder gar dessen Opfer? <\/a><\/p>\n<p><a href=\"https:\/\/www.vernunftkraft-odenwald.de\/wp-content\/uploads\/KLARSICHT-4_print-Die-Entstehungsgeschichte-der-Theorie-vom-menschengemachten-Klimawandel.pdf\" target=\"_blank\" rel=\"noopener noreferrer\">Klarsicht Nr. 4: Die Entstehungsgeschichte der Theorie vom \u201emenschengemachten Klimawandel\u201c <\/a><\/p>\n<p><a href=\"https:\/\/www.vernunftkraft-odenwald.de\/wp-content\/uploads\/KLARSICHT-5_print-Ursachen-von-Klimaaenderungen_Mai-2017-neu.pdf\" target=\"_blank\" rel=\"noopener noreferrer\">Klarsicht Nr. 5: Die nat\u00fcrlichen Ursachen von Klima\u00e4nderungen <\/a><\/p>\n<p><a href=\"https:\/\/www.vernunftkraft-odenwald.de\/wp-content\/uploads\/KLARSICHT-6_print-Die-Bedeutung-der-Energie-f%C3%BCr-die-Menschheit.-Wo-soll-in-Zukunft-die-Energie-herkommen.pdf\" target=\"_blank\" rel=\"noopener noreferrer\">Klarsicht Nr. 6: Die Bedeutung der Energie f\u00fcr die Menschheit <\/a><\/p>\n<p><a href=\"https:\/\/www.vernunftkraft-odenwald.de\/wp-content\/uploads\/KLARSICHT-Nr.-7-Die-Fehler-der-Energiewende.pdf\" target=\"_blank\" rel=\"noopener noreferrer\">Klarsicht Nr. 7: Die Fehler der Energiewende <\/a><\/p>\n<p><a href=\"https:\/\/www.vernunftkraft-odenwald.de\/wp-content\/uploads\/KLARSICHT-Nr.-8-Freiheit-in-Gefahr.pdf\" target=\"_blank\" rel=\"noopener noreferrer\">Klarsicht Nr. 8: \u201eWas ist mehr bedroht: Das Klima oder die Freiheit\u201c <\/a><\/p>\n<p><a href=\"https:\/\/www.vernunftkraft-odenwald.de\/wp-content\/uploads\/KLARSICHT-Nr.-9-Klimaschutz-gegen-Umwelt-und-Naturschutz.pdf\" target=\"_blank\" rel=\"noopener noreferrer\">Klarsicht Nr. 9: Klimaschutz gegen Umwelt- und Naturschutz &#8211; Ein irrationaler Konflikt <\/a><\/p>\n<p>Weitere Ausgaben:<br \/>\n<a href=\"https:\/\/www.vernunftkraft-odenwald.de\/wp-content\/uploads\/KLARSICHT-extra.pdf\" target=\"_blank\" rel=\"noopener noreferrer\">Klarsicht extra<\/a>: Positionspapier des Berliner Kreises der Union zur Klima- und Energiepolitik<\/p>\n<p><a href=\"https:\/\/www.vernunftkraft-odenwald.de\/wp-content\/uploads\/Aufruf-an-alle-Mitglieder-des-Bundestages.pdf\" target=\"_blank\" rel=\"noopener noreferrer\">Aufruf an alle Mitglieder des Bundestages <\/a><\/p>\n<p>Weitere Informationen: <a href=\"https:\/\/www.vernunftkraft-odenwald.de\/index.php\/ideologiefreie-klimabetrachtungen\/\" target=\"_blank\" rel=\"noopener noreferrer\">https:\/\/www.vernunftkraft-odenwald.de\/index.php\/ideologiefreie-klimabetrachtungen\/<\/a><\/p>\n<p><strong>Klarsicht-Team:<\/strong><br \/>\n<em>Wir hatten uns das Ziel gesetzt bis zur Bundestagswahl am 24. September 2017 wesentliche Informationen zu den Themen Klimawandel und Energiewende zusammenzustellen. Mit den Ausgaben 7, 8 und 9 haben wir das erreicht. Dennoch gibt es weiteres zu berichten, zum Beispiel zu den Klimamythen wie dem vermeintlich dramatischen Meeresspiegelanstieg oder der ebenfalls vermeintlich dramatischen Eisschmelze auf Gr\u00f6nland. \u00dcber die bereits begonnene Klimaabk\u00fchlung wollen wir auch noch berichten, ebenso wie \u00fcber neue Entwicklungen bei der Energiewende. Dies soll allerdings in etwas gr\u00f6\u00dferen zeitlichen Abst\u00e4nden geschehen. Wir bitten daf\u00fcr um Verst\u00e4ndnis.<\/em><\/p>\n<p><em>Die zahlreichen R\u00fcckmeldungen haben uns gezeigt, dass wir mit dieser kompakten und systematischen Zusammenstellung offensichtlich eine L\u00fccke geschlossen haben.<\/em><\/p>\n<p><em>Wir haben so knapp wie m\u00f6glich, aber so ausf\u00fchrlich wie n\u00f6tig den aktuellen Stand der internationalen Klimawissenschaft dargestellt um zu zeigen, dass die von Seiten des Weltklimarats, der Bundesregierung und zahlreicher \u201eKlimaforscher\u201c behauptete Einfluss des CO<sub>2<\/sub> auf das Klima weit \u00fcbertrieben ist, CO<sub>2<\/sub> hat nur einen sehr untergeordneten Einfluss.<\/em><\/p>\n<p><em>Das Klima auf unserer Erde wird von einer komplexen Wechselwirkung solarer, planetarischer und irdischer Vorg\u00e4nge bestimmt, der Mensch hat darauf keinen Einfluss, wenn wir von kleinklimatischen Ver\u00e4nderungen absehen.<\/em><\/p>\n<p><em>Die CO<sub>2<\/sub> \u2013 Theorie beruht zweifelsohne auf einer \u201eWissenschaftsl\u00fcge\u201c.<\/em><\/p>\n<p><em>Die globale Verbreitung dieser \u201eWissenschaftsl\u00fcge\u201c konnte erfolgen, weil sie sowohl ideologischen, politischen als auch wirtschaftlichen Interessen m\u00e4chtiger, teilweise global agierender Gruppen entgegenkommt.<\/em><\/p>\n<p><em>Wir haben dazu Erkl\u00e4rungsversuche gemacht.<\/em><\/p>\n<p><em>Diese Kombination politischer, ideologischer und wirtschaftlicher Interessen sehen wir als eine brisante und gef\u00e4hrliche Konstellation an, die sowohl auf nationaler als auch auf globaler Ebene h\u00f6chst gef\u00e4hrliche Entwicklungen einleiten kann. Auf jeden Fall k\u00f6nnen wir starke demokratiefeindliche Gruppen erkennen.<\/em><\/p>\n<p><em>Wir bitten Sie, aufmerksam und kritisch die Entwicklung zu verfolgen, verteilen Sie unsere KLARSICHT \u2013 Ausgaben in Ihrem Bekanntenkreis, an Politiker, an Entscheidungstr\u00e4ger \u2013 und an die Presse.<\/em><\/p>\n<p><em>Verteilen Sie bitte auch die beiliegende Zusammenstellung der \u201eKLARSICHT\u201c-Ausgaben.<\/em><\/p>\n<p><em>Wenn Sie Fragen zu den von uns angerissenen Themen haben, stehen wir Ihnen gerne zur Verf\u00fcgung.<\/em><\/p>\n<p>Ihr Klarsicht-Team<br \/>\nNorbert Patzner\/Steven Michelbach<\/p>\n<p>&nbsp;<\/p>\n<p>&nbsp;<\/p>\n<div class=\"shariff shariff-align-flex-start shariff-widget-align-flex-start\" data-services=\"facebook\" data-url=\"http%3A%2F%2Fwww.vernunftkraft-hessen.de%2Fwordpress%2F2017%2F09%2F10%2Fzusammenstellung-der-klarsicht-ausgaben%2F\" data-timestamp=\"1505100120\" data-hidezero=\"1\" data-backendurl=\"http:\/\/www.vernunftkraft-hessen.de\/wordpress\/wp-json\/shariff\/v1\/share_counts?\"><div class=\"ShariffHeadline\">Diesen Beitrag teilen<\/div><ul class=\"shariff-buttons theme-color orientation-horizontal buttonsize-small\"><li class=\"shariff-button facebook shariff-nocustomcolor\" style=\"background-color:#4273c8\"><a href=\"https:\/\/www.facebook.com\/sharer\/sharer.php?u=http%3A%2F%2Fwww.vernunftkraft-hessen.de%2Fwordpress%2F2017%2F09%2F10%2Fzusammenstellung-der-klarsicht-ausgaben%2F\" title=\"Bei Facebook teilen\" aria-label=\"Bei Facebook teilen\" role=\"button\" rel=\"nofollow\" class=\"shariff-link\" style=\"; background-color:#3b5998; color:#fff\" target=\"_blank\"><span class=\"shariff-icon\" style=\"\"><svg width=\"32px\" height=\"20px\" xmlns=\"http:\/\/www.w3.org\/2000\/svg\" viewBox=\"0 0 18 32\"><path fill=\"#3b5998\" d=\"M17.1 0.2v4.7h-2.8q-1.5 0-2.1 0.6t-0.5 1.9v3.4h5.2l-0.7 5.3h-4.5v13.6h-5.5v-13.6h-4.5v-5.3h4.5v-3.9q0-3.3 1.9-5.2t5-1.8q2.6 0 4.1 0.2z\"\/><\/svg><\/span><span class=\"shariff-text\">teilen<\/span>&nbsp;<span data-service=\"facebook\" style=\"color:#3b5998\" class=\"shariff-count shariff-hidezero\"><\/span>&nbsp;<\/a><\/li><li class=\"shariff-button whatsapp shariff-nocustomcolor\" style=\"background-color:#5cbe4a\"><a href=\"https:\/\/api.whatsapp.com\/send?text=http%3A%2F%2Fwww.vernunftkraft-hessen.de%2Fwordpress%2F2017%2F09%2F10%2Fzusammenstellung-der-klarsicht-ausgaben%2F%20Zusammenstellung%20der%20KLARSICHT%20%E2%80%93%20Ausgaben\" title=\"Bei Whatsapp teilen\" aria-label=\"Bei Whatsapp teilen\" role=\"button\" rel=\"noopener nofollow\" class=\"shariff-link\" style=\"; background-color:#34af23; color:#fff\" target=\"_blank\"><span class=\"shariff-icon\" style=\"\"><svg width=\"32px\" height=\"20px\" xmlns=\"http:\/\/www.w3.org\/2000\/svg\" viewBox=\"0 0 32 32\"><path fill=\"#34af23\" d=\"M17.6 17.4q0.2 0 1.7 0.8t1.6 0.9q0 0.1 0 0.3 0 0.6-0.3 1.4-0.3 0.7-1.3 1.2t-1.8 0.5q-1 0-3.4-1.1-1.7-0.8-3-2.1t-2.6-3.3q-1.3-1.9-1.3-3.5v-0.1q0.1-1.6 1.3-2.8 0.4-0.4 0.9-0.4 0.1 0 0.3 0t0.3 0q0.3 0 0.5 0.1t0.3 0.5q0.1 0.4 0.6 1.6t0.4 1.3q0 0.4-0.6 1t-0.6 0.8q0 0.1 0.1 0.3 0.6 1.3 1.8 2.4 1 0.9 2.7 1.8 0.2 0.1 0.4 0.1 0.3 0 1-0.9t0.9-0.9zM14 26.9q2.3 0 4.3-0.9t3.6-2.4 2.4-3.6 0.9-4.3-0.9-4.3-2.4-3.6-3.6-2.4-4.3-0.9-4.3 0.9-3.6 2.4-2.4 3.6-0.9 4.3q0 3.6 2.1 6.6l-1.4 4.2 4.3-1.4q2.8 1.9 6.2 1.9zM14 2.2q2.7 0 5.2 1.1t4.3 2.9 2.9 4.3 1.1 5.2-1.1 5.2-2.9 4.3-4.3 2.9-5.2 1.1q-3.5 0-6.5-1.7l-7.4 2.4 2.4-7.2q-1.9-3.2-1.9-6.9 0-2.7 1.1-5.2t2.9-4.3 4.3-2.9 5.2-1.1z\"\/><\/svg><\/span><span class=\"shariff-text\">teilen<\/span>&nbsp;<\/a><\/li><li class=\"shariff-button threema shariff-nocustomcolor shariff-mobile\" style=\"background-color:#4fbc24\"><a href=\"threema:\/\/compose?text=Zusammenstellung%20der%20KLARSICHT%20%E2%80%93%20Ausgaben%20http%3A%2F%2Fwww.vernunftkraft-hessen.de%2Fwordpress%2F2017%2F09%2F10%2Fzusammenstellung-der-klarsicht-ausgaben%2F\" title=\"Bei Threema teilen\" aria-label=\"Bei Threema teilen\" role=\"button\" rel=\"noopener nofollow\" class=\"shariff-link\" style=\"; background-color:#1f1f1f; color:#fff\" target=\"_blank\"><span class=\"shariff-icon\" style=\"\"><svg width=\"32px\" height=\"20px\" xmlns=\"http:\/\/www.w3.org\/2000\/svg\" viewBox=\"0 0 32 32\"><path fill=\"#1f1f1f\" d=\"M30.8 10.9c-0.3-1.4-0.9-2.6-1.8-3.8-2-2.6-5.5-4.5-9.4-5.2-1.3-0.2-1.9-0.3-3.5-0.3s-2.2 0-3.5 0.3c-4 0.7-7.4 2.6-9.4 5.2-0.9 1.2-1.5 2.4-1.8 3.8-0.1 0.5-0.2 1.2-0.2 1.6 0 0.4 0.1 1.1 0.2 1.6 0.4 1.9 1.3 3.4 2.9 5 0.8 0.8 0.8 0.8 0.7 1.3 0 0.6-0.5 1.6-1.7 3.6-0.3 0.5-0.5 0.9-0.5 0.9 0 0.1 0.1 0.1 0.5 0 0.8-0.2 2.3-0.6 5.6-1.6 1.1-0.3 1.3-0.4 2.3-0.4 0.8 0 1.1 0 2.3 0.2 1.5 0.2 3.5 0.2 4.9 0 5.1-0.6 9.3-2.9 11.4-6.3 0.5-0.9 0.9-1.8 1.1-2.8 0.1-0.5 0.2-1.1 0.2-1.6 0-0.7-0.1-1.1-0.2-1.6-0.3-1.4 0.1 0.5 0 0zM20.6 17.3c0 0.4-0.4 0.8-0.8 0.8h-7.7c-0.4 0-0.8-0.4-0.8-0.8v-4.6c0-0.4 0.4-0.8 0.8-0.8h0.2l0-1.6c0-0.9 0-1.8 0.1-2 0.1-0.6 0.6-1.2 1.1-1.7s1.1-0.7 1.9-0.8c1.8-0.3 3.7 0.7 4.2 2.2 0.1 0.3 0.1 0.7 0.1 2.1v0 1.7h0.1c0.4 0 0.8 0.4 0.8 0.8v4.6zM15.6 7.3c-0.5 0.1-0.8 0.3-1.2 0.6s-0.6 0.8-0.7 1.3c0 0.2 0 0.8 0 1.5l0 1.2h4.6v-1.3c0-1 0-1.4-0.1-1.6-0.3-1.1-1.5-1.9-2.6-1.7zM25.8 28.2c0 1.2-1 2.2-2.1 2.2s-2.1-1-2.1-2.1c0-1.2 1-2.1 2.2-2.1s2.2 1 2.2 2.2zM18.1 28.2c0 1.2-1 2.2-2.1 2.2s-2.1-1-2.1-2.1c0-1.2 1-2.1 2.2-2.1s2.2 1 2.2 2.2zM10.4 28.2c0 1.2-1 2.2-2.1 2.2s-2.1-1-2.1-2.1c0-1.2 1-2.1 2.2-2.1s2.2 1 2.2 2.2z\"\/><\/svg><\/span><span class=\"shariff-text\">teilen<\/span>&nbsp;<\/a><\/li><\/ul><\/div>","protected":false},"excerpt":{"rendered":"<p>In dieser Kategorie ver\u00f6ffentlicht Vernunftkraft Odenwald e.V. in unregelm\u00e4\u00dfiger Folge zu Ihrer Information und als Argumentationshilfe gegen dogmatische und ideologisch einseitige Betrachtungsweisen die Informationsbrosch\u00fcre \u201eKlarsicht\u201c\u00a0 von Dipl.-Ing. Norbert Patzner und Steven Michelbach. Die beiden Autoren befassen sich beruflich und privat seit Jahren mit den Themen Umweltschutz, Energietechnologien und Klimatologie und haben sich das Ziel gesetzt, &hellip; <a href=\"http:\/\/www.vernunftkraft-hessen.de\/wordpress\/2017\/09\/10\/zusammenstellung-der-klarsicht-ausgaben\/\" class=\"more-link\"><span class=\"screen-reader-text\">\u201eZusammenstellung der KLARSICHT &#8211; Ausgaben\u201c<\/span> weiterlesen<\/a><\/p>\n<div class=\"shariff shariff-align-flex-start shariff-widget-align-flex-start\" data-services=\"facebook\" data-url=\"http%3A%2F%2Fwww.vernunftkraft-hessen.de%2Fwordpress%2F2017%2F09%2F10%2Fzusammenstellung-der-klarsicht-ausgaben%2F\" data-timestamp=\"1505100120\" data-hidezero=\"1\" data-backendurl=\"http:\/\/www.vernunftkraft-hessen.de\/wordpress\/wp-json\/shariff\/v1\/share_counts?\"><div class=\"ShariffHeadline\">Diesen Beitrag teilen<\/div><ul class=\"shariff-buttons theme-color orientation-horizontal buttonsize-small\"><li class=\"shariff-button facebook shariff-nocustomcolor\" style=\"background-color:#4273c8\"><a href=\"https:\/\/www.facebook.com\/sharer\/sharer.php?u=http%3A%2F%2Fwww.vernunftkraft-hessen.de%2Fwordpress%2F2017%2F09%2F10%2Fzusammenstellung-der-klarsicht-ausgaben%2F\" title=\"Bei Facebook teilen\" aria-label=\"Bei Facebook teilen\" role=\"button\" rel=\"nofollow\" class=\"shariff-link\" style=\"; background-color:#3b5998; color:#fff\" target=\"_blank\"><span class=\"shariff-icon\" style=\"\"><svg width=\"32px\" height=\"20px\" xmlns=\"http:\/\/www.w3.org\/2000\/svg\" viewBox=\"0 0 18 32\"><path fill=\"#3b5998\" d=\"M17.1 0.2v4.7h-2.8q-1.5 0-2.1 0.6t-0.5 1.9v3.4h5.2l-0.7 5.3h-4.5v13.6h-5.5v-13.6h-4.5v-5.3h4.5v-3.9q0-3.3 1.9-5.2t5-1.8q2.6 0 4.1 0.2z\"\/><\/svg><\/span><span class=\"shariff-text\">teilen<\/span>&nbsp;<span data-service=\"facebook\" style=\"color:#3b5998\" class=\"shariff-count shariff-hidezero\"><\/span>&nbsp;<\/a><\/li><li class=\"shariff-button whatsapp shariff-nocustomcolor\" style=\"background-color:#5cbe4a\"><a href=\"https:\/\/api.whatsapp.com\/send?text=http%3A%2F%2Fwww.vernunftkraft-hessen.de%2Fwordpress%2F2017%2F09%2F10%2Fzusammenstellung-der-klarsicht-ausgaben%2F%20Zusammenstellung%20der%20KLARSICHT%20%E2%80%93%20Ausgaben\" title=\"Bei Whatsapp teilen\" aria-label=\"Bei Whatsapp teilen\" role=\"button\" rel=\"noopener nofollow\" class=\"shariff-link\" style=\"; background-color:#34af23; color:#fff\" target=\"_blank\"><span class=\"shariff-icon\" style=\"\"><svg width=\"32px\" height=\"20px\" xmlns=\"http:\/\/www.w3.org\/2000\/svg\" viewBox=\"0 0 32 32\"><path fill=\"#34af23\" d=\"M17.6 17.4q0.2 0 1.7 0.8t1.6 0.9q0 0.1 0 0.3 0 0.6-0.3 1.4-0.3 0.7-1.3 1.2t-1.8 0.5q-1 0-3.4-1.1-1.7-0.8-3-2.1t-2.6-3.3q-1.3-1.9-1.3-3.5v-0.1q0.1-1.6 1.3-2.8 0.4-0.4 0.9-0.4 0.1 0 0.3 0t0.3 0q0.3 0 0.5 0.1t0.3 0.5q0.1 0.4 0.6 1.6t0.4 1.3q0 0.4-0.6 1t-0.6 0.8q0 0.1 0.1 0.3 0.6 1.3 1.8 2.4 1 0.9 2.7 1.8 0.2 0.1 0.4 0.1 0.3 0 1-0.9t0.9-0.9zM14 26.9q2.3 0 4.3-0.9t3.6-2.4 2.4-3.6 0.9-4.3-0.9-4.3-2.4-3.6-3.6-2.4-4.3-0.9-4.3 0.9-3.6 2.4-2.4 3.6-0.9 4.3q0 3.6 2.1 6.6l-1.4 4.2 4.3-1.4q2.8 1.9 6.2 1.9zM14 2.2q2.7 0 5.2 1.1t4.3 2.9 2.9 4.3 1.1 5.2-1.1 5.2-2.9 4.3-4.3 2.9-5.2 1.1q-3.5 0-6.5-1.7l-7.4 2.4 2.4-7.2q-1.9-3.2-1.9-6.9 0-2.7 1.1-5.2t2.9-4.3 4.3-2.9 5.2-1.1z\"\/><\/svg><\/span><span class=\"shariff-text\">teilen<\/span>&nbsp;<\/a><\/li><li class=\"shariff-button threema shariff-nocustomcolor shariff-mobile\" style=\"background-color:#4fbc24\"><a href=\"threema:\/\/compose?text=Zusammenstellung%20der%20KLARSICHT%20%E2%80%93%20Ausgaben%20http%3A%2F%2Fwww.vernunftkraft-hessen.de%2Fwordpress%2F2017%2F09%2F10%2Fzusammenstellung-der-klarsicht-ausgaben%2F\" title=\"Bei Threema teilen\" aria-label=\"Bei Threema teilen\" role=\"button\" rel=\"noopener nofollow\" class=\"shariff-link\" style=\"; background-color:#1f1f1f; color:#fff\" target=\"_blank\"><span class=\"shariff-icon\" style=\"\"><svg width=\"32px\" height=\"20px\" xmlns=\"http:\/\/www.w3.org\/2000\/svg\" viewBox=\"0 0 32 32\"><path fill=\"#1f1f1f\" d=\"M30.8 10.9c-0.3-1.4-0.9-2.6-1.8-3.8-2-2.6-5.5-4.5-9.4-5.2-1.3-0.2-1.9-0.3-3.5-0.3s-2.2 0-3.5 0.3c-4 0.7-7.4 2.6-9.4 5.2-0.9 1.2-1.5 2.4-1.8 3.8-0.1 0.5-0.2 1.2-0.2 1.6 0 0.4 0.1 1.1 0.2 1.6 0.4 1.9 1.3 3.4 2.9 5 0.8 0.8 0.8 0.8 0.7 1.3 0 0.6-0.5 1.6-1.7 3.6-0.3 0.5-0.5 0.9-0.5 0.9 0 0.1 0.1 0.1 0.5 0 0.8-0.2 2.3-0.6 5.6-1.6 1.1-0.3 1.3-0.4 2.3-0.4 0.8 0 1.1 0 2.3 0.2 1.5 0.2 3.5 0.2 4.9 0 5.1-0.6 9.3-2.9 11.4-6.3 0.5-0.9 0.9-1.8 1.1-2.8 0.1-0.5 0.2-1.1 0.2-1.6 0-0.7-0.1-1.1-0.2-1.6-0.3-1.4 0.1 0.5 0 0zM20.6 17.3c0 0.4-0.4 0.8-0.8 0.8h-7.7c-0.4 0-0.8-0.4-0.8-0.8v-4.6c0-0.4 0.4-0.8 0.8-0.8h0.2l0-1.6c0-0.9 0-1.8 0.1-2 0.1-0.6 0.6-1.2 1.1-1.7s1.1-0.7 1.9-0.8c1.8-0.3 3.7 0.7 4.2 2.2 0.1 0.3 0.1 0.7 0.1 2.1v0 1.7h0.1c0.4 0 0.8 0.4 0.8 0.8v4.6zM15.6 7.3c-0.5 0.1-0.8 0.3-1.2 0.6s-0.6 0.8-0.7 1.3c0 0.2 0 0.8 0 1.5l0 1.2h4.6v-1.3c0-1 0-1.4-0.1-1.6-0.3-1.1-1.5-1.9-2.6-1.7zM25.8 28.2c0 1.2-1 2.2-2.1 2.2s-2.1-1-2.1-2.1c0-1.2 1-2.1 2.2-2.1s2.2 1 2.2 2.2zM18.1 28.2c0 1.2-1 2.2-2.1 2.2s-2.1-1-2.1-2.1c0-1.2 1-2.1 2.2-2.1s2.2 1 2.2 2.2zM10.4 28.2c0 1.2-1 2.2-2.1 2.2s-2.1-1-2.1-2.1c0-1.2 1-2.1 2.2-2.1s2.2 1 2.2 2.2z\"\/><\/svg><\/span><span class=\"shariff-text\">teilen<\/span>&nbsp;<\/a><\/li><\/ul><\/div>","protected":false},"author":26,"featured_media":0,"comment_status":"closed","ping_status":"closed","sticky":false,"template":"","format":"standard","meta":{"footnotes":""},"categories":[1],"tags":[81,17,53,34,6,84],"class_list":["post-8246","post","type-post","status-publish","format-standard","hentry","category-allgemein","tag-artenschutz","tag-energiewende","tag-klima","tag-natur","tag-politik","tag-umwelt"],"_links":{"self":[{"href":"http:\/\/www.vernunftkraft-hessen.de\/wordpress\/wp-json\/wp\/v2\/posts\/8246","targetHints":{"allow":["GET"]}}],"collection":[{"href":"http:\/\/www.vernunftkraft-hessen.de\/wordpress\/wp-json\/wp\/v2\/posts"}],"about":[{"href":"http:\/\/www.vernunftkraft-hessen.de\/wordpress\/wp-json\/wp\/v2\/types\/post"}],"author":[{"embeddable":true,"href":"http:\/\/www.vernunftkraft-hessen.de\/wordpress\/wp-json\/wp\/v2\/users\/26"}],"replies":[{"embeddable":true,"href":"http:\/\/www.vernunftkraft-hessen.de\/wordpress\/wp-json\/wp\/v2\/comments?post=8246"}],"version-history":[{"count":3,"href":"http:\/\/www.vernunftkraft-hessen.de\/wordpress\/wp-json\/wp\/v2\/posts\/8246\/revisions"}],"predecessor-version":[{"id":8254,"href":"http:\/\/www.vernunftkraft-hessen.de\/wordpress\/wp-json\/wp\/v2\/posts\/8246\/revisions\/8254"}],"wp:attachment":[{"href":"http:\/\/www.vernunftkraft-hessen.de\/wordpress\/wp-json\/wp\/v2\/media?parent=8246"}],"wp:term":[{"taxonomy":"category","embeddable":true,"href":"http:\/\/www.vernunftkraft-hessen.de\/wordpress\/wp-json\/wp\/v2\/categories?post=8246"},{"taxonomy":"post_tag","embeddable":true,"href":"http:\/\/www.vernunftkraft-hessen.de\/wordpress\/wp-json\/wp\/v2\/tags?post=8246"}],"curies":[{"name":"wp","href":"https:\/\/api.w.org\/{rel}","templated":true}]}}