{"id":18367,"date":"2019-10-08T03:48:55","date_gmt":"2019-10-08T01:48:55","guid":{"rendered":"http:\/\/www.vernunftkraft-hessen.de\/wordpress\/?p=18367"},"modified":"2019-10-08T03:50:00","modified_gmt":"2019-10-08T01:50:00","slug":"windkraftkritiker-alsfeld-darf-sich-nicht-erpressen-lassen","status":"publish","type":"post","link":"https:\/\/www.vernunftkraft-hessen.de\/wordpress\/2019\/10\/08\/windkraftkritiker-alsfeld-darf-sich-nicht-erpressen-lassen\/","title":{"rendered":"Windkraftkritiker: &#8220;Alsfeld darf sich nicht erpressen lassen&#8221;"},"content":{"rendered":"<blockquote><p>Der Verein &#8220;Sch\u00f6ner Ausblick&#8221; \u00fcbt scharfe Kritik am Regierungspr\u00e4sidium in Gie\u00dfen wegen der Genehmigungspraxis zum Windpark Homberg II. Zudem ruft der Vorstand B\u00fcrgermeister Stephan Paule zu einer Stellungnahme auf.<\/p><\/blockquote>\n<p>Weiterlesen: <em><a href=\"https:\/\/www.oberhessische-zeitung.de\/lokales\/alsfeld\/windkraftkritiker-alsfeld-darf-sich-nicht-erpressen-lassen_20502250?fbclid=IwAR29MIEmMpSiG8US8dYBLUNFWsxI5iBACdZIdPE8d77i9YEk7XRZzg68EGY#\">Windkraftkritiker: &#8220;Alsfeld darf sich nicht erpressen lassen&#8221;<\/a><\/em><\/p>\n","protected":false},"excerpt":{"rendered":"<p>Der Verein &#8220;Sch\u00f6ner Ausblick&#8221; \u00fcbt scharfe Kritik am Regierungspr\u00e4sidium in Gie\u00dfen wegen der Genehmigungspraxis zum Windpark Homberg II. Zudem ruft der Vorstand B\u00fcrgermeister Stephan Paule zu einer Stellungnahme auf. Weiterlesen: Windkraftkritiker: &#8220;Alsfeld darf sich nicht erpressen lassen&#8221;<\/p>\n","protected":false},"author":26,"featured_media":0,"comment_status":"closed","ping_status":"closed","sticky":false,"template":"","format":"standard","meta":{"footnotes":""},"categories":[98],"tags":[51,20,38,63,49],"class_list":["post-18367","post","type-post","status-publish","format-standard","hentry","category-zubau","tag-genehmigung","tag-genehmigungsverfahren","tag-kommune","tag-widerstand","tag-zubau"],"_links":{"self":[{"href":"https:\/\/www.vernunftkraft-hessen.de\/wordpress\/wp-json\/wp\/v2\/posts\/18367","targetHints":{"allow":["GET"]}}],"collection":[{"href":"https:\/\/www.vernunftkraft-hessen.de\/wordpress\/wp-json\/wp\/v2\/posts"}],"about":[{"href":"https:\/\/www.vernunftkraft-hessen.de\/wordpress\/wp-json\/wp\/v2\/types\/post"}],"author":[{"embeddable":true,"href":"https:\/\/www.vernunftkraft-hessen.de\/wordpress\/wp-json\/wp\/v2\/users\/26"}],"replies":[{"embeddable":true,"href":"https:\/\/www.vernunftkraft-hessen.de\/wordpress\/wp-json\/wp\/v2\/comments?post=18367"}],"version-history":[{"count":1,"href":"https:\/\/www.vernunftkraft-hessen.de\/wordpress\/wp-json\/wp\/v2\/posts\/18367\/revisions"}],"predecessor-version":[{"id":18368,"href":"https:\/\/www.vernunftkraft-hessen.de\/wordpress\/wp-json\/wp\/v2\/posts\/18367\/revisions\/18368"}],"wp:attachment":[{"href":"https:\/\/www.vernunftkraft-hessen.de\/wordpress\/wp-json\/wp\/v2\/media?parent=18367"}],"wp:term":[{"taxonomy":"category","embeddable":true,"href":"https:\/\/www.vernunftkraft-hessen.de\/wordpress\/wp-json\/wp\/v2\/categories?post=18367"},{"taxonomy":"post_tag","embeddable":true,"href":"https:\/\/www.vernunftkraft-hessen.de\/wordpress\/wp-json\/wp\/v2\/tags?post=18367"}],"curies":[{"name":"wp","href":"https:\/\/api.w.org\/{rel}","templated":true}]}}