{"id":18456,"date":"2019-10-11T22:21:22","date_gmt":"2019-10-11T20:21:22","guid":{"rendered":"http:\/\/www.vernunftkraft-hessen.de\/wordpress\/?p=18456"},"modified":"2019-10-11T22:21:22","modified_gmt":"2019-10-11T20:21:22","slug":"der-mann-dem-sie-die-sonne-uebelnehmen-achgut-com","status":"publish","type":"post","link":"https:\/\/www.vernunftkraft-hessen.de\/wordpress\/2019\/10\/11\/der-mann-dem-sie-die-sonne-uebelnehmen-achgut-com\/","title":{"rendered":"Der Mann, dem sie die Sonne \u00fcbelnehmen | achgut.com"},"content":{"rendered":"<p>Von Pierre Heumann<br \/>\n<span style=\"font-size: 14pt;\"><em><strong>Der israelische Astrophysiker Nir Shaviv wollte eigentlich nur seri\u00f6s forschen und einer spannenden Klima-Frage nachgehen. Im Ergebnis h\u00e4lt er den Effekt des CO2 f\u00fcr \u00fcbersch\u00e4tzt und die Rolle der Sonne f\u00fcr untersch\u00e4tzt \u2013 und hat dazu viele fundierte Arbeiten geliefert. Dann geriet er in die M\u00fchlen der Politik. Inzwischen wird er von der akademischen Welt ge\u00e4chtet.<\/strong> <\/em><\/span><\/p>\n<p><a href=\"https:\/\/www.achgut.com\/artikel\/der_mann_dem_sie_die_sonne_uebelnehmen?fbclid=IwAR0g_eOgW24c7tPIF9aOtVx22QQ9cONi0-TNVN9RXsLk7XpZwZtv0Xgj_r8\" target=\"_blank\" rel=\"noopener noreferrer\">Die Kolumne bei achgut.com lesen.<\/a><\/p>\n","protected":false},"excerpt":{"rendered":"<p>Von Pierre Heumann Der israelische Astrophysiker Nir Shaviv wollte eigentlich nur seri\u00f6s forschen und einer spannenden Klima-Frage nachgehen. Im Ergebnis h\u00e4lt er den Effekt des CO2 f\u00fcr \u00fcbersch\u00e4tzt und die Rolle der Sonne f\u00fcr untersch\u00e4tzt \u2013 und hat dazu viele fundierte Arbeiten geliefert. Dann geriet er in die M\u00fchlen der Politik. Inzwischen wird er von &hellip; <a href=\"https:\/\/www.vernunftkraft-hessen.de\/wordpress\/2019\/10\/11\/der-mann-dem-sie-die-sonne-uebelnehmen-achgut-com\/\" class=\"more-link\"><span class=\"screen-reader-text\">\u201eDer Mann, dem sie die Sonne \u00fcbelnehmen | achgut.com\u201c<\/span> weiterlesen<\/a><\/p>\n","protected":false},"author":26,"featured_media":0,"comment_status":"closed","ping_status":"closed","sticky":false,"template":"","format":"standard","meta":{"footnotes":""},"categories":[183],"tags":[53,447,322],"class_list":["post-18456","post","type-post","status-publish","format-standard","hentry","category-klima","tag-klima","tag-klimaprognosen","tag-klimawandel"],"_links":{"self":[{"href":"https:\/\/www.vernunftkraft-hessen.de\/wordpress\/wp-json\/wp\/v2\/posts\/18456","targetHints":{"allow":["GET"]}}],"collection":[{"href":"https:\/\/www.vernunftkraft-hessen.de\/wordpress\/wp-json\/wp\/v2\/posts"}],"about":[{"href":"https:\/\/www.vernunftkraft-hessen.de\/wordpress\/wp-json\/wp\/v2\/types\/post"}],"author":[{"embeddable":true,"href":"https:\/\/www.vernunftkraft-hessen.de\/wordpress\/wp-json\/wp\/v2\/users\/26"}],"replies":[{"embeddable":true,"href":"https:\/\/www.vernunftkraft-hessen.de\/wordpress\/wp-json\/wp\/v2\/comments?post=18456"}],"version-history":[{"count":1,"href":"https:\/\/www.vernunftkraft-hessen.de\/wordpress\/wp-json\/wp\/v2\/posts\/18456\/revisions"}],"predecessor-version":[{"id":18457,"href":"https:\/\/www.vernunftkraft-hessen.de\/wordpress\/wp-json\/wp\/v2\/posts\/18456\/revisions\/18457"}],"wp:attachment":[{"href":"https:\/\/www.vernunftkraft-hessen.de\/wordpress\/wp-json\/wp\/v2\/media?parent=18456"}],"wp:term":[{"taxonomy":"category","embeddable":true,"href":"https:\/\/www.vernunftkraft-hessen.de\/wordpress\/wp-json\/wp\/v2\/categories?post=18456"},{"taxonomy":"post_tag","embeddable":true,"href":"https:\/\/www.vernunftkraft-hessen.de\/wordpress\/wp-json\/wp\/v2\/tags?post=18456"}],"curies":[{"name":"wp","href":"https:\/\/api.w.org\/{rel}","templated":true}]}}