{"id":21337,"date":"2020-06-10T04:19:10","date_gmt":"2020-06-10T02:19:10","guid":{"rendered":"http:\/\/www.vernunftkraft-hessen.de\/wordpress\/?p=21337"},"modified":"2020-06-10T04:19:10","modified_gmt":"2020-06-10T02:19:10","slug":"woher-kommt-der-strom-22-woche","status":"publish","type":"post","link":"https:\/\/www.vernunftkraft-hessen.de\/wordpress\/2020\/06\/10\/woher-kommt-der-strom-22-woche\/","title":{"rendered":"Woher kommt der Strom? 22. Woche"},"content":{"rendered":"<p>Von R\u00fcdiger Stobbe<\/p>\n<p><strong>Manchmal liegt in der volatilen Stromerzeugung durch Wind- und Sonnenkraft eine gewisse Tragik. Wie bereits in der vergangenen Woche wurde besonders viel Strom am Sonntag regenerativ erzeugt. Der Tag, an dem der Strombedarf am geringsten ist. Der Tag, an dem der Strom zum Teil nicht nur verschenkt, sondern\u00a0den Beschenkten auch noch Geld gegeben werden muss, damit sie den Strom abnehmen. An diesem Sonntag war der Handel an der Stromb\u00f6rse f\u00fcr Deutschland ein besonders schlechtes Gesch\u00e4ft. Dazu mehr in den Tagesanalysen.<\/strong><\/p>\n<p><a href=\"https:\/\/www.achgut.com\/artikel\/woher_kommt_der_strom_22_woche_das_energiewende_paradoxon\" target=\"_blank\" rel=\"noopener noreferrer\">Weiterlesen bei achgut.com<\/a><\/p>\n<p>Die bisherigen Artikel der Kolumne\u00a0<em>Woher kommt der Strom?<\/em>\u00a0mit jeweils einer kurzen Inhaltserl\u00e4uterung finden Sie\u00a0<a href=\"http:\/\/www.mediagnose.de\/2019\/02\/20\/inhaltsverzeichnis\/\" target=\"_blank\" rel=\"noopener noreferrer\">hier<\/a>.<\/p>\n","protected":false},"excerpt":{"rendered":"<p>Von R\u00fcdiger Stobbe Manchmal liegt in der volatilen Stromerzeugung durch Wind- und Sonnenkraft eine gewisse Tragik. Wie bereits in der vergangenen Woche wurde besonders viel Strom am Sonntag regenerativ erzeugt. Der Tag, an dem der Strombedarf am geringsten ist. Der Tag, an dem der Strom zum Teil nicht nur verschenkt, sondern\u00a0den Beschenkten auch noch Geld &hellip; <a href=\"https:\/\/www.vernunftkraft-hessen.de\/wordpress\/2020\/06\/10\/woher-kommt-der-strom-22-woche\/\" class=\"more-link\"><span class=\"screen-reader-text\">\u201eWoher kommt der Strom? 22. Woche\u201c<\/span> weiterlesen<\/a><\/p>\n","protected":false},"author":26,"featured_media":0,"comment_status":"closed","ping_status":"closed","sticky":false,"template":"","format":"standard","meta":{"footnotes":""},"categories":[70],"tags":[403,61,36,250],"class_list":["post-21337","post","type-post","status-publish","format-standard","hentry","category-strommarkt","tag-co2-emissionen","tag-strommarkt","tag-stromversorgung","tag-versorgungssicherheit"],"_links":{"self":[{"href":"https:\/\/www.vernunftkraft-hessen.de\/wordpress\/wp-json\/wp\/v2\/posts\/21337","targetHints":{"allow":["GET"]}}],"collection":[{"href":"https:\/\/www.vernunftkraft-hessen.de\/wordpress\/wp-json\/wp\/v2\/posts"}],"about":[{"href":"https:\/\/www.vernunftkraft-hessen.de\/wordpress\/wp-json\/wp\/v2\/types\/post"}],"author":[{"embeddable":true,"href":"https:\/\/www.vernunftkraft-hessen.de\/wordpress\/wp-json\/wp\/v2\/users\/26"}],"replies":[{"embeddable":true,"href":"https:\/\/www.vernunftkraft-hessen.de\/wordpress\/wp-json\/wp\/v2\/comments?post=21337"}],"version-history":[{"count":1,"href":"https:\/\/www.vernunftkraft-hessen.de\/wordpress\/wp-json\/wp\/v2\/posts\/21337\/revisions"}],"predecessor-version":[{"id":21338,"href":"https:\/\/www.vernunftkraft-hessen.de\/wordpress\/wp-json\/wp\/v2\/posts\/21337\/revisions\/21338"}],"wp:attachment":[{"href":"https:\/\/www.vernunftkraft-hessen.de\/wordpress\/wp-json\/wp\/v2\/media?parent=21337"}],"wp:term":[{"taxonomy":"category","embeddable":true,"href":"https:\/\/www.vernunftkraft-hessen.de\/wordpress\/wp-json\/wp\/v2\/categories?post=21337"},{"taxonomy":"post_tag","embeddable":true,"href":"https:\/\/www.vernunftkraft-hessen.de\/wordpress\/wp-json\/wp\/v2\/tags?post=21337"}],"curies":[{"name":"wp","href":"https:\/\/api.w.org\/{rel}","templated":true}]}}