{"id":21445,"date":"2020-06-17T20:09:21","date_gmt":"2020-06-17T18:09:21","guid":{"rendered":"http:\/\/www.vernunftkraft-hessen.de\/wordpress\/?p=21445"},"modified":"2020-06-17T20:09:35","modified_gmt":"2020-06-17T18:09:35","slug":"tourismusentwicklung-im-reinhardswald-und-der-bau-von-windkraftanlagen-hna","status":"publish","type":"post","link":"https:\/\/www.vernunftkraft-hessen.de\/wordpress\/2020\/06\/17\/tourismusentwicklung-im-reinhardswald-und-der-bau-von-windkraftanlagen-hna\/","title":{"rendered":"Tourismusentwicklung im Reinhardswald und der Bau von Windkraftanlagen | HNA"},"content":{"rendered":"<figure style=\"width: 177px\" class=\"wp-caption alignleft\"><img loading=\"lazy\" decoding=\"async\" class=\"\" src=\"https:\/\/rettet-den-reinhardswald.de\/wp-content\/uploads\/2019\/09\/Sababurg-03-v4-b2-s-1-1.jpg.webp\" alt=\"\" width=\"177\" height=\"118\" \/><figcaption class=\"wp-caption-text\">Quelle: Rettet den Reinhardswald<\/figcaption><\/figure>\n<p class=\"id-Article-content-item id-Article-content-item--first\"><strong>Tourismusentwicklung im Reinhardswald und der Bau von Windkraftanlagen, wie soll das zusammengehen? Diese Frage stellen sich offenbar zahlreiche Menschen.<\/strong><\/p>\n<p class=\"id-Article-content-item id-Article-content-item--first\">Einer von ihnen ist Hermann-Josef Rapp, der auch als \u201eDie Stimme des Reinhardswaldes\u201c bezeichnet wird. Er spricht sich gegen die Windkraft in den W\u00e4ldern der Region aus \u2013 und f\u00fcr eine st\u00e4rkere Zusammenarbeit \u00fcber L\u00e4ndergrenzen hinweg.<\/p>\n<p class=\"id-Article-headline \">Weiterlesen <a href=\"https:\/\/www.hna.de\/lokales\/hofgeismar\/hofgeismar-ort73038\/kreisteil-hofgeismar-frueherer-forstmann-sieht-gemeinsame-chance-fuer-solling-bram-und-reinhardswald-13799228.html?fbclid=IwAR3ka4bdzPCib6JvCQH4q1E44EAev5GOkcZYHYtzHUEum_GKMjgVdftplA4\" target=\"_blank\" rel=\"noopener noreferrer\">HNA | Chance in der Einheit: Solling, Bram- und Reinhardswald als Tourismusziel<\/a><\/p>\n","protected":false},"excerpt":{"rendered":"<p>Tourismusentwicklung im Reinhardswald und der Bau von Windkraftanlagen, wie soll das zusammengehen? Diese Frage stellen sich offenbar zahlreiche Menschen. Einer von ihnen ist Hermann-Josef Rapp, der auch als \u201eDie Stimme des Reinhardswaldes\u201c bezeichnet wird. Er spricht sich gegen die Windkraft in den W\u00e4ldern der Region aus \u2013 und f\u00fcr eine st\u00e4rkere Zusammenarbeit \u00fcber L\u00e4ndergrenzen hinweg. &hellip; <a href=\"https:\/\/www.vernunftkraft-hessen.de\/wordpress\/2020\/06\/17\/tourismusentwicklung-im-reinhardswald-und-der-bau-von-windkraftanlagen-hna\/\" class=\"more-link\"><span class=\"screen-reader-text\">\u201eTourismusentwicklung im Reinhardswald und der Bau von Windkraftanlagen | HNA\u201c<\/span> weiterlesen<\/a><\/p>\n","protected":false},"author":26,"featured_media":0,"comment_status":"closed","ping_status":"closed","sticky":false,"template":"","format":"standard","meta":{"footnotes":""},"categories":[132],"tags":[76,34,99,42,63,49],"class_list":["post-21445","post","type-post","status-publish","format-standard","hentry","category-tourismus","tag-landschaft","tag-natur","tag-tourismus","tag-wald","tag-widerstand","tag-zubau"],"_links":{"self":[{"href":"https:\/\/www.vernunftkraft-hessen.de\/wordpress\/wp-json\/wp\/v2\/posts\/21445","targetHints":{"allow":["GET"]}}],"collection":[{"href":"https:\/\/www.vernunftkraft-hessen.de\/wordpress\/wp-json\/wp\/v2\/posts"}],"about":[{"href":"https:\/\/www.vernunftkraft-hessen.de\/wordpress\/wp-json\/wp\/v2\/types\/post"}],"author":[{"embeddable":true,"href":"https:\/\/www.vernunftkraft-hessen.de\/wordpress\/wp-json\/wp\/v2\/users\/26"}],"replies":[{"embeddable":true,"href":"https:\/\/www.vernunftkraft-hessen.de\/wordpress\/wp-json\/wp\/v2\/comments?post=21445"}],"version-history":[{"count":4,"href":"https:\/\/www.vernunftkraft-hessen.de\/wordpress\/wp-json\/wp\/v2\/posts\/21445\/revisions"}],"predecessor-version":[{"id":21449,"href":"https:\/\/www.vernunftkraft-hessen.de\/wordpress\/wp-json\/wp\/v2\/posts\/21445\/revisions\/21449"}],"wp:attachment":[{"href":"https:\/\/www.vernunftkraft-hessen.de\/wordpress\/wp-json\/wp\/v2\/media?parent=21445"}],"wp:term":[{"taxonomy":"category","embeddable":true,"href":"https:\/\/www.vernunftkraft-hessen.de\/wordpress\/wp-json\/wp\/v2\/categories?post=21445"},{"taxonomy":"post_tag","embeddable":true,"href":"https:\/\/www.vernunftkraft-hessen.de\/wordpress\/wp-json\/wp\/v2\/tags?post=21445"}],"curies":[{"name":"wp","href":"https:\/\/api.w.org\/{rel}","templated":true}]}}