{"id":21969,"date":"2020-08-13T03:44:48","date_gmt":"2020-08-13T01:44:48","guid":{"rendered":"http:\/\/www.vernunftkraft-hessen.de\/wordpress\/?p=21969"},"modified":"2020-08-26T15:00:23","modified_gmt":"2020-08-26T13:00:23","slug":"vernunftkraft-mkkspessart-flugbanner-als-protest-gegen-naturzerstoerung-durch-windkraft-am-15-august","status":"publish","type":"post","link":"https:\/\/www.vernunftkraft-hessen.de\/wordpress\/2020\/08\/13\/vernunftkraft-mkkspessart-flugbanner-als-protest-gegen-naturzerstoerung-durch-windkraft-am-15-august\/","title":{"rendered":"Vernunftkraft MKK\/Spessart und Vernunftkraft Odenwald: Bannerflug am Donnerstag, 27. August ab 14:00 Uhr"},"content":{"rendered":"<p><strong><span style=\"color: #ff0000;\">Beginn\u00a0 MKK\/Naturpark Spessart 14.00 Uhr<\/span><em><br \/>\nFlugroute: <\/em><\/strong>Gelnhausen, Altenhasslau , Geislitz, Gro\u00dfenhausen und Eidenges\u00e4ss, L\u00fctzel, Breitenborn ,Kassel ,\u00a0Lanzingen, Ro\u00dfbach, Bieber, Fl\u00f6rsbach, Mosborn, Kempfenbrunn, Lohrhaupten, Pfaffenhausen (Bereich sechs Windkraftanlagen) Oberndorf, Burgjo\u00df, Mernes, Marjo\u00df, Bellings, Steinau, Seidenroth, Alsberg, Hausen, Salm\u00fcnster, Bad Soden, W\u00e4chtersbach, Bad Orb, Kassel, Wirtheim,\u00a0\u00a0H\u00f6chst, Haitz, Langenselbold, H\u00f6chst, Haitz<\/p>\n<p><strong><span style=\"color: #ff0000;\">Beginn Odenwald ca. 16.00 Uhr<br \/>\n<span style=\"color: #333333;\"><\/span><\/span><em>Flugroute:<\/em><\/strong> M\u00f6mlingen, Brensbach, H\u00f6chst, Bad K\u00f6nig, Mommart, Hassenroth, Otzberg, Gro\u00df-Umstadt, Kleestadt, Schafheim und zur\u00fcck nach Gelnhausen.<\/p>\n<p><span style=\"color: #ff0000;\">Der f\u00fcr vergangenen Samstag angek\u00fcndigte \u00a0&#8220;Bannerflug&#8221; unserer Dachorganisation \u00a0Vernunftkraft Main-Kinzig \/ Naturpark Spessart e.V. wurde \u00a0auf Empfehlung des Piloten wegen schlechtem Flugwetter abgesagt.<\/span><\/p>\n<p><strong>Am Samstagmorgen, ab 10:30 Uhr, wird, sofern es das Wetter zul\u00e4sst, ein Flugbanner den \u00f6stlichen Main-Kinzig-Kreis \u00fcberfliegen um auf die Zerst\u00f6rung der Kultur- und Naturlandschaft, auf die Gef\u00e4hrdung der Gesundheit und die T\u00f6tung gesch\u00fctzter Tierarten hinzuweisen.<\/strong><\/p>\n<p><img loading=\"lazy\" decoding=\"async\" title=\"\" src=\"https:\/\/www.vorsprung-online.de\/images\/images\/2020\/August\/flugbannernaturzerst.jpg\" alt=\"\" width=\"600\" height=\"188\" \/><\/p>\n<p>Anlass ist, dass die Anlagen ihren planm\u00e4\u00dfigen Betrieb aufgenommen haben, trotz einer <strong>noch anh\u00e4ngigen Klage auf Basis eines Artenschutzgutachtens vom Herbst 2019.<\/strong><\/p>\n<p><a href=\"https:\/\/www.vorsprung-online.de\/politik\/173234-flugbanner-als-protest-gegen-naturzerst%C3%B6rung-durch-windkraft.html\" target=\"_blank\" rel=\"noopener noreferrer\">Die komplette Pressemitteilung bei Vorsprung-Online lesen!<\/a><\/p>\n<div class=\"shariff shariff-align-flex-start shariff-widget-align-flex-start\" data-services=\"facebook\" data-url=\"https%3A%2F%2Fwww.vernunftkraft-hessen.de%2Fwordpress%2F2020%2F08%2F13%2Fvernunftkraft-mkkspessart-flugbanner-als-protest-gegen-naturzerstoerung-durch-windkraft-am-15-august%2F\" data-timestamp=\"1598454023\" data-hidezero=\"1\" data-backendurl=\"https:\/\/www.vernunftkraft-hessen.de\/wordpress\/wp-json\/shariff\/v1\/share_counts?\"><div class=\"ShariffHeadline\">Diesen Beitrag teilen<\/div><ul class=\"shariff-buttons theme-color orientation-horizontal buttonsize-small\"><li class=\"shariff-button facebook shariff-nocustomcolor\" style=\"background-color:#4273c8\"><a href=\"https:\/\/www.facebook.com\/sharer\/sharer.php?u=https%3A%2F%2Fwww.vernunftkraft-hessen.de%2Fwordpress%2F2020%2F08%2F13%2Fvernunftkraft-mkkspessart-flugbanner-als-protest-gegen-naturzerstoerung-durch-windkraft-am-15-august%2F\" title=\"Bei Facebook teilen\" aria-label=\"Bei Facebook teilen\" role=\"button\" rel=\"nofollow\" class=\"shariff-link\" style=\"; background-color:#3b5998; color:#fff\" target=\"_blank\"><span class=\"shariff-icon\" style=\"\"><svg width=\"32px\" height=\"20px\" xmlns=\"http:\/\/www.w3.org\/2000\/svg\" viewBox=\"0 0 18 32\"><path fill=\"#3b5998\" d=\"M17.1 0.2v4.7h-2.8q-1.5 0-2.1 0.6t-0.5 1.9v3.4h5.2l-0.7 5.3h-4.5v13.6h-5.5v-13.6h-4.5v-5.3h4.5v-3.9q0-3.3 1.9-5.2t5-1.8q2.6 0 4.1 0.2z\"\/><\/svg><\/span><span class=\"shariff-text\">teilen<\/span>&nbsp;<span data-service=\"facebook\" style=\"color:#3b5998\" class=\"shariff-count shariff-hidezero\"><\/span>&nbsp;<\/a><\/li><li class=\"shariff-button whatsapp shariff-nocustomcolor\" style=\"background-color:#5cbe4a\"><a href=\"https:\/\/api.whatsapp.com\/send?text=https%3A%2F%2Fwww.vernunftkraft-hessen.de%2Fwordpress%2F2020%2F08%2F13%2Fvernunftkraft-mkkspessart-flugbanner-als-protest-gegen-naturzerstoerung-durch-windkraft-am-15-august%2F%20Vernunftkraft%20MKK%2FSpessart%20und%20Vernunftkraft%20Odenwald%3A%20Bannerflug%20am%20Donnerstag%2C%2027.%20August%20ab%2014%3A00%20Uhr\" title=\"Bei Whatsapp teilen\" aria-label=\"Bei Whatsapp teilen\" role=\"button\" rel=\"noopener nofollow\" class=\"shariff-link\" style=\"; background-color:#34af23; color:#fff\" target=\"_blank\"><span class=\"shariff-icon\" style=\"\"><svg width=\"32px\" height=\"20px\" xmlns=\"http:\/\/www.w3.org\/2000\/svg\" viewBox=\"0 0 32 32\"><path fill=\"#34af23\" d=\"M17.6 17.4q0.2 0 1.7 0.8t1.6 0.9q0 0.1 0 0.3 0 0.6-0.3 1.4-0.3 0.7-1.3 1.2t-1.8 0.5q-1 0-3.4-1.1-1.7-0.8-3-2.1t-2.6-3.3q-1.3-1.9-1.3-3.5v-0.1q0.1-1.6 1.3-2.8 0.4-0.4 0.9-0.4 0.1 0 0.3 0t0.3 0q0.3 0 0.5 0.1t0.3 0.5q0.1 0.4 0.6 1.6t0.4 1.3q0 0.4-0.6 1t-0.6 0.8q0 0.1 0.1 0.3 0.6 1.3 1.8 2.4 1 0.9 2.7 1.8 0.2 0.1 0.4 0.1 0.3 0 1-0.9t0.9-0.9zM14 26.9q2.3 0 4.3-0.9t3.6-2.4 2.4-3.6 0.9-4.3-0.9-4.3-2.4-3.6-3.6-2.4-4.3-0.9-4.3 0.9-3.6 2.4-2.4 3.6-0.9 4.3q0 3.6 2.1 6.6l-1.4 4.2 4.3-1.4q2.8 1.9 6.2 1.9zM14 2.2q2.7 0 5.2 1.1t4.3 2.9 2.9 4.3 1.1 5.2-1.1 5.2-2.9 4.3-4.3 2.9-5.2 1.1q-3.5 0-6.5-1.7l-7.4 2.4 2.4-7.2q-1.9-3.2-1.9-6.9 0-2.7 1.1-5.2t2.9-4.3 4.3-2.9 5.2-1.1z\"\/><\/svg><\/span><span class=\"shariff-text\">teilen<\/span>&nbsp;<\/a><\/li><li class=\"shariff-button threema shariff-nocustomcolor shariff-mobile\" style=\"background-color:#4fbc24\"><a href=\"threema:\/\/compose?text=Vernunftkraft%20MKK%2FSpessart%20und%20Vernunftkraft%20Odenwald%3A%20Bannerflug%20am%20Donnerstag%2C%2027.%20August%20ab%2014%3A00%20Uhr%20https%3A%2F%2Fwww.vernunftkraft-hessen.de%2Fwordpress%2F2020%2F08%2F13%2Fvernunftkraft-mkkspessart-flugbanner-als-protest-gegen-naturzerstoerung-durch-windkraft-am-15-august%2F\" title=\"Bei Threema teilen\" aria-label=\"Bei Threema teilen\" role=\"button\" rel=\"noopener nofollow\" class=\"shariff-link\" style=\"; background-color:#1f1f1f; color:#fff\" target=\"_blank\"><span class=\"shariff-icon\" style=\"\"><svg width=\"32px\" height=\"20px\" xmlns=\"http:\/\/www.w3.org\/2000\/svg\" viewBox=\"0 0 32 32\"><path fill=\"#1f1f1f\" d=\"M30.8 10.9c-0.3-1.4-0.9-2.6-1.8-3.8-2-2.6-5.5-4.5-9.4-5.2-1.3-0.2-1.9-0.3-3.5-0.3s-2.2 0-3.5 0.3c-4 0.7-7.4 2.6-9.4 5.2-0.9 1.2-1.5 2.4-1.8 3.8-0.1 0.5-0.2 1.2-0.2 1.6 0 0.4 0.1 1.1 0.2 1.6 0.4 1.9 1.3 3.4 2.9 5 0.8 0.8 0.8 0.8 0.7 1.3 0 0.6-0.5 1.6-1.7 3.6-0.3 0.5-0.5 0.9-0.5 0.9 0 0.1 0.1 0.1 0.5 0 0.8-0.2 2.3-0.6 5.6-1.6 1.1-0.3 1.3-0.4 2.3-0.4 0.8 0 1.1 0 2.3 0.2 1.5 0.2 3.5 0.2 4.9 0 5.1-0.6 9.3-2.9 11.4-6.3 0.5-0.9 0.9-1.8 1.1-2.8 0.1-0.5 0.2-1.1 0.2-1.6 0-0.7-0.1-1.1-0.2-1.6-0.3-1.4 0.1 0.5 0 0zM20.6 17.3c0 0.4-0.4 0.8-0.8 0.8h-7.7c-0.4 0-0.8-0.4-0.8-0.8v-4.6c0-0.4 0.4-0.8 0.8-0.8h0.2l0-1.6c0-0.9 0-1.8 0.1-2 0.1-0.6 0.6-1.2 1.1-1.7s1.1-0.7 1.9-0.8c1.8-0.3 3.7 0.7 4.2 2.2 0.1 0.3 0.1 0.7 0.1 2.1v0 1.7h0.1c0.4 0 0.8 0.4 0.8 0.8v4.6zM15.6 7.3c-0.5 0.1-0.8 0.3-1.2 0.6s-0.6 0.8-0.7 1.3c0 0.2 0 0.8 0 1.5l0 1.2h4.6v-1.3c0-1 0-1.4-0.1-1.6-0.3-1.1-1.5-1.9-2.6-1.7zM25.8 28.2c0 1.2-1 2.2-2.1 2.2s-2.1-1-2.1-2.1c0-1.2 1-2.1 2.2-2.1s2.2 1 2.2 2.2zM18.1 28.2c0 1.2-1 2.2-2.1 2.2s-2.1-1-2.1-2.1c0-1.2 1-2.1 2.2-2.1s2.2 1 2.2 2.2zM10.4 28.2c0 1.2-1 2.2-2.1 2.2s-2.1-1-2.1-2.1c0-1.2 1-2.1 2.2-2.1s2.2 1 2.2 2.2z\"\/><\/svg><\/span><span class=\"shariff-text\">teilen<\/span>&nbsp;<\/a><\/li><\/ul><\/div>","protected":false},"excerpt":{"rendered":"<p>Beginn\u00a0 MKK\/Naturpark Spessart 14.00 Uhr Flugroute: Gelnhausen, Altenhasslau , Geislitz, Gro\u00dfenhausen und Eidenges\u00e4ss, L\u00fctzel, Breitenborn ,Kassel ,\u00a0Lanzingen, Ro\u00dfbach, Bieber, Fl\u00f6rsbach, Mosborn, Kempfenbrunn, Lohrhaupten, Pfaffenhausen (Bereich sechs Windkraftanlagen) Oberndorf, Burgjo\u00df, Mernes, Marjo\u00df, Bellings, Steinau, Seidenroth, Alsberg, Hausen, Salm\u00fcnster, Bad Soden, W\u00e4chtersbach, Bad Orb, Kassel, Wirtheim,\u00a0\u00a0H\u00f6chst, Haitz, Langenselbold, H\u00f6chst, Haitz Beginn Odenwald ca. 16.00 Uhr Flugroute: M\u00f6mlingen, &hellip; <a href=\"https:\/\/www.vernunftkraft-hessen.de\/wordpress\/2020\/08\/13\/vernunftkraft-mkkspessart-flugbanner-als-protest-gegen-naturzerstoerung-durch-windkraft-am-15-august\/\" class=\"more-link\"><span class=\"screen-reader-text\">\u201eVernunftkraft MKK\/Spessart und Vernunftkraft Odenwald: Bannerflug am Donnerstag, 27. August ab 14:00 Uhr\u201c<\/span> weiterlesen<\/a><\/p>\n<div class=\"shariff shariff-align-flex-start shariff-widget-align-flex-start\" data-services=\"facebook\" data-url=\"https%3A%2F%2Fwww.vernunftkraft-hessen.de%2Fwordpress%2F2020%2F08%2F13%2Fvernunftkraft-mkkspessart-flugbanner-als-protest-gegen-naturzerstoerung-durch-windkraft-am-15-august%2F\" data-timestamp=\"1598454023\" data-hidezero=\"1\" data-backendurl=\"https:\/\/www.vernunftkraft-hessen.de\/wordpress\/wp-json\/shariff\/v1\/share_counts?\"><div class=\"ShariffHeadline\">Diesen Beitrag teilen<\/div><ul class=\"shariff-buttons theme-color orientation-horizontal buttonsize-small\"><li class=\"shariff-button facebook shariff-nocustomcolor\" style=\"background-color:#4273c8\"><a href=\"https:\/\/www.facebook.com\/sharer\/sharer.php?u=https%3A%2F%2Fwww.vernunftkraft-hessen.de%2Fwordpress%2F2020%2F08%2F13%2Fvernunftkraft-mkkspessart-flugbanner-als-protest-gegen-naturzerstoerung-durch-windkraft-am-15-august%2F\" title=\"Bei Facebook teilen\" aria-label=\"Bei Facebook teilen\" role=\"button\" rel=\"nofollow\" class=\"shariff-link\" style=\"; background-color:#3b5998; color:#fff\" target=\"_blank\"><span class=\"shariff-icon\" style=\"\"><svg width=\"32px\" height=\"20px\" xmlns=\"http:\/\/www.w3.org\/2000\/svg\" viewBox=\"0 0 18 32\"><path fill=\"#3b5998\" d=\"M17.1 0.2v4.7h-2.8q-1.5 0-2.1 0.6t-0.5 1.9v3.4h5.2l-0.7 5.3h-4.5v13.6h-5.5v-13.6h-4.5v-5.3h4.5v-3.9q0-3.3 1.9-5.2t5-1.8q2.6 0 4.1 0.2z\"\/><\/svg><\/span><span class=\"shariff-text\">teilen<\/span>&nbsp;<span data-service=\"facebook\" style=\"color:#3b5998\" class=\"shariff-count shariff-hidezero\"><\/span>&nbsp;<\/a><\/li><li class=\"shariff-button whatsapp shariff-nocustomcolor\" style=\"background-color:#5cbe4a\"><a href=\"https:\/\/api.whatsapp.com\/send?text=https%3A%2F%2Fwww.vernunftkraft-hessen.de%2Fwordpress%2F2020%2F08%2F13%2Fvernunftkraft-mkkspessart-flugbanner-als-protest-gegen-naturzerstoerung-durch-windkraft-am-15-august%2F%20Vernunftkraft%20MKK%2FSpessart%20und%20Vernunftkraft%20Odenwald%3A%20Bannerflug%20am%20Donnerstag%2C%2027.%20August%20ab%2014%3A00%20Uhr\" title=\"Bei Whatsapp teilen\" aria-label=\"Bei Whatsapp teilen\" role=\"button\" rel=\"noopener nofollow\" class=\"shariff-link\" style=\"; background-color:#34af23; color:#fff\" target=\"_blank\"><span class=\"shariff-icon\" style=\"\"><svg width=\"32px\" height=\"20px\" xmlns=\"http:\/\/www.w3.org\/2000\/svg\" viewBox=\"0 0 32 32\"><path fill=\"#34af23\" d=\"M17.6 17.4q0.2 0 1.7 0.8t1.6 0.9q0 0.1 0 0.3 0 0.6-0.3 1.4-0.3 0.7-1.3 1.2t-1.8 0.5q-1 0-3.4-1.1-1.7-0.8-3-2.1t-2.6-3.3q-1.3-1.9-1.3-3.5v-0.1q0.1-1.6 1.3-2.8 0.4-0.4 0.9-0.4 0.1 0 0.3 0t0.3 0q0.3 0 0.5 0.1t0.3 0.5q0.1 0.4 0.6 1.6t0.4 1.3q0 0.4-0.6 1t-0.6 0.8q0 0.1 0.1 0.3 0.6 1.3 1.8 2.4 1 0.9 2.7 1.8 0.2 0.1 0.4 0.1 0.3 0 1-0.9t0.9-0.9zM14 26.9q2.3 0 4.3-0.9t3.6-2.4 2.4-3.6 0.9-4.3-0.9-4.3-2.4-3.6-3.6-2.4-4.3-0.9-4.3 0.9-3.6 2.4-2.4 3.6-0.9 4.3q0 3.6 2.1 6.6l-1.4 4.2 4.3-1.4q2.8 1.9 6.2 1.9zM14 2.2q2.7 0 5.2 1.1t4.3 2.9 2.9 4.3 1.1 5.2-1.1 5.2-2.9 4.3-4.3 2.9-5.2 1.1q-3.5 0-6.5-1.7l-7.4 2.4 2.4-7.2q-1.9-3.2-1.9-6.9 0-2.7 1.1-5.2t2.9-4.3 4.3-2.9 5.2-1.1z\"\/><\/svg><\/span><span class=\"shariff-text\">teilen<\/span>&nbsp;<\/a><\/li><li class=\"shariff-button threema shariff-nocustomcolor shariff-mobile\" style=\"background-color:#4fbc24\"><a href=\"threema:\/\/compose?text=Vernunftkraft%20MKK%2FSpessart%20und%20Vernunftkraft%20Odenwald%3A%20Bannerflug%20am%20Donnerstag%2C%2027.%20August%20ab%2014%3A00%20Uhr%20https%3A%2F%2Fwww.vernunftkraft-hessen.de%2Fwordpress%2F2020%2F08%2F13%2Fvernunftkraft-mkkspessart-flugbanner-als-protest-gegen-naturzerstoerung-durch-windkraft-am-15-august%2F\" title=\"Bei Threema teilen\" aria-label=\"Bei Threema teilen\" role=\"button\" rel=\"noopener nofollow\" class=\"shariff-link\" style=\"; background-color:#1f1f1f; color:#fff\" target=\"_blank\"><span class=\"shariff-icon\" style=\"\"><svg width=\"32px\" height=\"20px\" xmlns=\"http:\/\/www.w3.org\/2000\/svg\" viewBox=\"0 0 32 32\"><path fill=\"#1f1f1f\" d=\"M30.8 10.9c-0.3-1.4-0.9-2.6-1.8-3.8-2-2.6-5.5-4.5-9.4-5.2-1.3-0.2-1.9-0.3-3.5-0.3s-2.2 0-3.5 0.3c-4 0.7-7.4 2.6-9.4 5.2-0.9 1.2-1.5 2.4-1.8 3.8-0.1 0.5-0.2 1.2-0.2 1.6 0 0.4 0.1 1.1 0.2 1.6 0.4 1.9 1.3 3.4 2.9 5 0.8 0.8 0.8 0.8 0.7 1.3 0 0.6-0.5 1.6-1.7 3.6-0.3 0.5-0.5 0.9-0.5 0.9 0 0.1 0.1 0.1 0.5 0 0.8-0.2 2.3-0.6 5.6-1.6 1.1-0.3 1.3-0.4 2.3-0.4 0.8 0 1.1 0 2.3 0.2 1.5 0.2 3.5 0.2 4.9 0 5.1-0.6 9.3-2.9 11.4-6.3 0.5-0.9 0.9-1.8 1.1-2.8 0.1-0.5 0.2-1.1 0.2-1.6 0-0.7-0.1-1.1-0.2-1.6-0.3-1.4 0.1 0.5 0 0zM20.6 17.3c0 0.4-0.4 0.8-0.8 0.8h-7.7c-0.4 0-0.8-0.4-0.8-0.8v-4.6c0-0.4 0.4-0.8 0.8-0.8h0.2l0-1.6c0-0.9 0-1.8 0.1-2 0.1-0.6 0.6-1.2 1.1-1.7s1.1-0.7 1.9-0.8c1.8-0.3 3.7 0.7 4.2 2.2 0.1 0.3 0.1 0.7 0.1 2.1v0 1.7h0.1c0.4 0 0.8 0.4 0.8 0.8v4.6zM15.6 7.3c-0.5 0.1-0.8 0.3-1.2 0.6s-0.6 0.8-0.7 1.3c0 0.2 0 0.8 0 1.5l0 1.2h4.6v-1.3c0-1 0-1.4-0.1-1.6-0.3-1.1-1.5-1.9-2.6-1.7zM25.8 28.2c0 1.2-1 2.2-2.1 2.2s-2.1-1-2.1-2.1c0-1.2 1-2.1 2.2-2.1s2.2 1 2.2 2.2zM18.1 28.2c0 1.2-1 2.2-2.1 2.2s-2.1-1-2.1-2.1c0-1.2 1-2.1 2.2-2.1s2.2 1 2.2 2.2zM10.4 28.2c0 1.2-1 2.2-2.1 2.2s-2.1-1-2.1-2.1c0-1.2 1-2.1 2.2-2.1s2.2 1 2.2 2.2z\"\/><\/svg><\/span><span class=\"shariff-text\">teilen<\/span>&nbsp;<\/a><\/li><\/ul><\/div>","protected":false},"author":26,"featured_media":21973,"comment_status":"closed","ping_status":"closed","sticky":false,"template":"","format":"standard","meta":{"footnotes":""},"categories":[68],"tags":[538,63],"class_list":["post-21969","post","type-post","status-publish","format-standard","has-post-thumbnail","hentry","category-widerstand","tag-aktion","tag-widerstand"],"_links":{"self":[{"href":"https:\/\/www.vernunftkraft-hessen.de\/wordpress\/wp-json\/wp\/v2\/posts\/21969","targetHints":{"allow":["GET"]}}],"collection":[{"href":"https:\/\/www.vernunftkraft-hessen.de\/wordpress\/wp-json\/wp\/v2\/posts"}],"about":[{"href":"https:\/\/www.vernunftkraft-hessen.de\/wordpress\/wp-json\/wp\/v2\/types\/post"}],"author":[{"embeddable":true,"href":"https:\/\/www.vernunftkraft-hessen.de\/wordpress\/wp-json\/wp\/v2\/users\/26"}],"replies":[{"embeddable":true,"href":"https:\/\/www.vernunftkraft-hessen.de\/wordpress\/wp-json\/wp\/v2\/comments?post=21969"}],"version-history":[{"count":5,"href":"https:\/\/www.vernunftkraft-hessen.de\/wordpress\/wp-json\/wp\/v2\/posts\/21969\/revisions"}],"predecessor-version":[{"id":22012,"href":"https:\/\/www.vernunftkraft-hessen.de\/wordpress\/wp-json\/wp\/v2\/posts\/21969\/revisions\/22012"}],"wp:featuredmedia":[{"embeddable":true,"href":"https:\/\/www.vernunftkraft-hessen.de\/wordpress\/wp-json\/wp\/v2\/media\/21973"}],"wp:attachment":[{"href":"https:\/\/www.vernunftkraft-hessen.de\/wordpress\/wp-json\/wp\/v2\/media?parent=21969"}],"wp:term":[{"taxonomy":"category","embeddable":true,"href":"https:\/\/www.vernunftkraft-hessen.de\/wordpress\/wp-json\/wp\/v2\/categories?post=21969"},{"taxonomy":"post_tag","embeddable":true,"href":"https:\/\/www.vernunftkraft-hessen.de\/wordpress\/wp-json\/wp\/v2\/tags?post=21969"}],"curies":[{"name":"wp","href":"https:\/\/api.w.org\/{rel}","templated":true}]}}