{"id":22091,"date":"2020-08-29T06:02:45","date_gmt":"2020-08-29T04:02:45","guid":{"rendered":"http:\/\/www.vernunftkraft-hessen.de\/wordpress\/?p=22091"},"modified":"2020-12-13T10:46:36","modified_gmt":"2020-12-13T09:46:36","slug":"welche-sicherheitsbedenken-es-bei-windkraftanlagen-gibt-faz","status":"publish","type":"post","link":"https:\/\/www.vernunftkraft-hessen.de\/wordpress\/2020\/08\/29\/welche-sicherheitsbedenken-es-bei-windkraftanlagen-gibt-faz\/","title":{"rendered":"Welche Sicherheitsbedenken es bei Windkraftanlagen gibt | FAZ"},"content":{"rendered":"<p><span class=\"atc-MetaAuthorText\">Von <\/span> <span class=\"atc-MetaAuthor\">Michael Ashelm<\/span><\/p>\n<div>\n<p><em><strong>Herabst\u00fcrzende Fl\u00fcgel, brennende Rotoren: \u00dcber die Sicherheit von Windkraftanlagen wird heftig gestritten. Ein Hersteller muss f\u00fcr Reparaturen sogar 175 Millionen Euro zur\u00fcckstellen.<\/strong><\/em><\/p>\n<\/div>\n<div><\/div>\n<p>Quelle: <em><a href=\"https:\/\/www.faz.net\/aktuell\/wirtschaft\/welche-sicherheitsbedenken-es-bei-windkraftanlagen-gibt-16921059.html?GEPC=s2&amp;fbclid=IwAR25NiBftowEVjyvDmnKCN4QIShktYkcDVyXuk90NUProFoybDBIB5Kianw\" target=\"_blank\" rel=\"noopener noreferrer\">Welche Sicherheitsbedenken es bei Windkraftanlagen gibt | FAZ+<\/a><\/em><\/p>\n","protected":false},"excerpt":{"rendered":"<p>Von Michael Ashelm Herabst\u00fcrzende Fl\u00fcgel, brennende Rotoren: \u00dcber die Sicherheit von Windkraftanlagen wird heftig gestritten. Ein Hersteller muss f\u00fcr Reparaturen sogar 175 Millionen Euro zur\u00fcckstellen. Quelle: Welche Sicherheitsbedenken es bei Windkraftanlagen gibt | FAZ+<\/p>\n","protected":false},"author":26,"featured_media":0,"comment_status":"closed","ping_status":"closed","sticky":false,"template":"","format":"standard","meta":{"footnotes":""},"categories":[156],"tags":[152,315,69],"class_list":["post-22091","post","type-post","status-publish","format-standard","hentry","category-unfaelle","tag-sicherheit","tag-tuev","tag-unfaelle"],"_links":{"self":[{"href":"https:\/\/www.vernunftkraft-hessen.de\/wordpress\/wp-json\/wp\/v2\/posts\/22091","targetHints":{"allow":["GET"]}}],"collection":[{"href":"https:\/\/www.vernunftkraft-hessen.de\/wordpress\/wp-json\/wp\/v2\/posts"}],"about":[{"href":"https:\/\/www.vernunftkraft-hessen.de\/wordpress\/wp-json\/wp\/v2\/types\/post"}],"author":[{"embeddable":true,"href":"https:\/\/www.vernunftkraft-hessen.de\/wordpress\/wp-json\/wp\/v2\/users\/26"}],"replies":[{"embeddable":true,"href":"https:\/\/www.vernunftkraft-hessen.de\/wordpress\/wp-json\/wp\/v2\/comments?post=22091"}],"version-history":[{"count":5,"href":"https:\/\/www.vernunftkraft-hessen.de\/wordpress\/wp-json\/wp\/v2\/posts\/22091\/revisions"}],"predecessor-version":[{"id":23192,"href":"https:\/\/www.vernunftkraft-hessen.de\/wordpress\/wp-json\/wp\/v2\/posts\/22091\/revisions\/23192"}],"wp:attachment":[{"href":"https:\/\/www.vernunftkraft-hessen.de\/wordpress\/wp-json\/wp\/v2\/media?parent=22091"}],"wp:term":[{"taxonomy":"category","embeddable":true,"href":"https:\/\/www.vernunftkraft-hessen.de\/wordpress\/wp-json\/wp\/v2\/categories?post=22091"},{"taxonomy":"post_tag","embeddable":true,"href":"https:\/\/www.vernunftkraft-hessen.de\/wordpress\/wp-json\/wp\/v2\/tags?post=22091"}],"curies":[{"name":"wp","href":"https:\/\/api.w.org\/{rel}","templated":true}]}}