{"id":22881,"date":"2020-11-23T01:03:35","date_gmt":"2020-11-23T00:03:35","guid":{"rendered":"http:\/\/www.vernunftkraft-hessen.de\/wordpress\/?p=22881"},"modified":"2020-11-23T01:06:59","modified_gmt":"2020-11-23T00:06:59","slug":"ausgleich-fuer-co2-abgabe-das-gebrochene-versprechen-vom-billigen-strom-welt","status":"publish","type":"post","link":"https:\/\/www.vernunftkraft-hessen.de\/wordpress\/2020\/11\/23\/ausgleich-fuer-co2-abgabe-das-gebrochene-versprechen-vom-billigen-strom-welt\/","title":{"rendered":"Ausgleich f\u00fcr CO2-Abgabe: Das gebrochene Versprechen vom billigen Strom &#8211; WELT"},"content":{"rendered":"<p>Von Daniel Wetzel<\/p>\n<blockquote><p><span style=\"font-size: 12pt;\"><strong>Die Bundesregierung wollte die bittere Pille nicht ohne Zucker verabreichen: Wenn ab 1. Januar 2021 Heiz\u00f6l, Erdgas und Benzin mit einer CO-Abgabe verteuert werden, werde man die B\u00fcrger zum Ausgleich beim Strompreis entlasten, lautete das Versprechen. Das helfe \u201einsbesondere Geringverdienenden und Familien\u201c.<\/strong> <\/span><\/p>\n<p><span style=\"font-size: 12pt;\">Jetzt allerdings r\u00fcckt der Jahreswechsel n\u00e4her, und es zeichnet sich ab, dass es entgegen dieser Zusage doch nicht zu einer Kompensation der CO2-Abgabe kommt. Stattdessen droht eine Doppelbelastung der Verbraucher. Zu den steigenden Preisen f\u00fcr Heiz\u00f6l und Sprit kommt dann noch ein h\u00f6herer Strompreis. Ein Doppelschlag ins Kontor im Namen des Klimaschutzes. F\u00fcr das gebrochene Strompreis-Versprechen 2021 hat die Bundesregierung auch einen speziellen Grund.<br \/>\n<\/span><\/p><\/blockquote>\n<p>Der kostenpflichtige Artikel kann hier erworben werden:<br \/>\n<em><a href=\"https:\/\/www.welt.de\/finanzen\/plus220553258\/Ausgleich-fuer-CO2-Abgabe-Das-gebrochene-Versprechen-vom-billigen-Strom.html\" target=\"_blank\" rel=\"noopener noreferrer\">Ausgleich f\u00fcr CO2-Abgabe: Das gebrochene Versprechen vom billigen Strom &#8211; WELT<\/a><\/em><\/p>\n","protected":false},"excerpt":{"rendered":"<p>Von Daniel Wetzel Die Bundesregierung wollte die bittere Pille nicht ohne Zucker verabreichen: Wenn ab 1. Januar 2021 Heiz\u00f6l, Erdgas und Benzin mit einer CO-Abgabe verteuert werden, werde man die B\u00fcrger zum Ausgleich beim Strompreis entlasten, lautete das Versprechen. Das helfe \u201einsbesondere Geringverdienenden und Familien\u201c. Jetzt allerdings r\u00fcckt der Jahreswechsel n\u00e4her, und es zeichnet sich &hellip; <a href=\"https:\/\/www.vernunftkraft-hessen.de\/wordpress\/2020\/11\/23\/ausgleich-fuer-co2-abgabe-das-gebrochene-versprechen-vom-billigen-strom-welt\/\" class=\"more-link\"><span class=\"screen-reader-text\">\u201eAusgleich f\u00fcr CO2-Abgabe: Das gebrochene Versprechen vom billigen Strom &#8211; WELT\u201c<\/span> weiterlesen<\/a><\/p>\n","protected":false},"author":26,"featured_media":0,"comment_status":"closed","ping_status":"closed","sticky":false,"template":"","format":"standard","meta":{"footnotes":""},"categories":[457],"tags":[473,299,52,28],"class_list":["post-22881","post","type-post","status-publish","format-standard","hentry","category-klimapolitik","tag-co2-bepreisung","tag-klimapolitik","tag-kosten","tag-strompreis"],"_links":{"self":[{"href":"https:\/\/www.vernunftkraft-hessen.de\/wordpress\/wp-json\/wp\/v2\/posts\/22881","targetHints":{"allow":["GET"]}}],"collection":[{"href":"https:\/\/www.vernunftkraft-hessen.de\/wordpress\/wp-json\/wp\/v2\/posts"}],"about":[{"href":"https:\/\/www.vernunftkraft-hessen.de\/wordpress\/wp-json\/wp\/v2\/types\/post"}],"author":[{"embeddable":true,"href":"https:\/\/www.vernunftkraft-hessen.de\/wordpress\/wp-json\/wp\/v2\/users\/26"}],"replies":[{"embeddable":true,"href":"https:\/\/www.vernunftkraft-hessen.de\/wordpress\/wp-json\/wp\/v2\/comments?post=22881"}],"version-history":[{"count":3,"href":"https:\/\/www.vernunftkraft-hessen.de\/wordpress\/wp-json\/wp\/v2\/posts\/22881\/revisions"}],"predecessor-version":[{"id":22884,"href":"https:\/\/www.vernunftkraft-hessen.de\/wordpress\/wp-json\/wp\/v2\/posts\/22881\/revisions\/22884"}],"wp:attachment":[{"href":"https:\/\/www.vernunftkraft-hessen.de\/wordpress\/wp-json\/wp\/v2\/media?parent=22881"}],"wp:term":[{"taxonomy":"category","embeddable":true,"href":"https:\/\/www.vernunftkraft-hessen.de\/wordpress\/wp-json\/wp\/v2\/categories?post=22881"},{"taxonomy":"post_tag","embeddable":true,"href":"https:\/\/www.vernunftkraft-hessen.de\/wordpress\/wp-json\/wp\/v2\/tags?post=22881"}],"curies":[{"name":"wp","href":"https:\/\/api.w.org\/{rel}","templated":true}]}}