{"id":24714,"date":"2021-04-08T23:21:42","date_gmt":"2021-04-08T21:21:42","guid":{"rendered":"http:\/\/www.vernunftkraft-hessen.de\/wordpress\/?p=24714"},"modified":"2021-04-08T23:22:30","modified_gmt":"2021-04-08T21:22:30","slug":"quartals-bilanz-windkraft-genehmigungen-erreichen-neuen-hoechststand-zeitung-fuer-kommunale-wirtschaft","status":"publish","type":"post","link":"https:\/\/www.vernunftkraft-hessen.de\/wordpress\/2021\/04\/08\/quartals-bilanz-windkraft-genehmigungen-erreichen-neuen-hoechststand-zeitung-fuer-kommunale-wirtschaft\/","title":{"rendered":"Quartals-Bilanz: Windkraft-Genehmigungen erreichen neuen H\u00f6chststand | Zeitung f\u00fcr kommunale Wirtschaft"},"content":{"rendered":"<blockquote><p><span style=\"font-size: 12pt;\"><strong>Die Genehmigungen f\u00fcr Windkraftanlagen an Land hat den h\u00f6chsten Stand im ersten Quartal seit 2016 erreicht.<\/strong><\/span><\/p><\/blockquote>\n<p>Quelle: <em><a href=\"https:\/\/www.zfk.de\/energie\/strom\/quartals-bilanz-windkraft-genehmigungen-erreichen-neuen-hoechststand?fbclid=IwAR3zPoQmgSHRKmyJ_iBsIQcc52wgoIlsKyUcQafJsXC2AqOYlOunAEQvHJQ\" target=\"_blank\" rel=\"noopener noreferrer\">Quartals-Bilanz: Windkraft-Genehmigungen erreichen neuen H\u00f6chststand: Zeitung f\u00fcr kommunale Wirtschaft<\/a><\/em><\/p>\n","protected":false},"excerpt":{"rendered":"<p>Die Genehmigungen f\u00fcr Windkraftanlagen an Land hat den h\u00f6chsten Stand im ersten Quartal seit 2016 erreicht. Quelle: Quartals-Bilanz: Windkraft-Genehmigungen erreichen neuen H\u00f6chststand: Zeitung f\u00fcr kommunale Wirtschaft<\/p>\n","protected":false},"author":26,"featured_media":0,"comment_status":"closed","ping_status":"closed","sticky":false,"template":"","format":"standard","meta":{"footnotes":""},"categories":[98],"tags":[],"class_list":["post-24714","post","type-post","status-publish","format-standard","hentry","category-zubau"],"_links":{"self":[{"href":"https:\/\/www.vernunftkraft-hessen.de\/wordpress\/wp-json\/wp\/v2\/posts\/24714","targetHints":{"allow":["GET"]}}],"collection":[{"href":"https:\/\/www.vernunftkraft-hessen.de\/wordpress\/wp-json\/wp\/v2\/posts"}],"about":[{"href":"https:\/\/www.vernunftkraft-hessen.de\/wordpress\/wp-json\/wp\/v2\/types\/post"}],"author":[{"embeddable":true,"href":"https:\/\/www.vernunftkraft-hessen.de\/wordpress\/wp-json\/wp\/v2\/users\/26"}],"replies":[{"embeddable":true,"href":"https:\/\/www.vernunftkraft-hessen.de\/wordpress\/wp-json\/wp\/v2\/comments?post=24714"}],"version-history":[{"count":2,"href":"https:\/\/www.vernunftkraft-hessen.de\/wordpress\/wp-json\/wp\/v2\/posts\/24714\/revisions"}],"predecessor-version":[{"id":24716,"href":"https:\/\/www.vernunftkraft-hessen.de\/wordpress\/wp-json\/wp\/v2\/posts\/24714\/revisions\/24716"}],"wp:attachment":[{"href":"https:\/\/www.vernunftkraft-hessen.de\/wordpress\/wp-json\/wp\/v2\/media?parent=24714"}],"wp:term":[{"taxonomy":"category","embeddable":true,"href":"https:\/\/www.vernunftkraft-hessen.de\/wordpress\/wp-json\/wp\/v2\/categories?post=24714"},{"taxonomy":"post_tag","embeddable":true,"href":"https:\/\/www.vernunftkraft-hessen.de\/wordpress\/wp-json\/wp\/v2\/tags?post=24714"}],"curies":[{"name":"wp","href":"https:\/\/api.w.org\/{rel}","templated":true}]}}