{"id":25069,"date":"2021-04-30T21:30:12","date_gmt":"2021-04-30T19:30:12","guid":{"rendered":"http:\/\/www.vernunftkraft-hessen.de\/wordpress\/?p=25069"},"modified":"2021-04-30T22:42:47","modified_gmt":"2021-04-30T20:42:47","slug":"wie-die-solarstromrevolution-im-jemen-dem-ganzen-land-das-wasser-abgraben-koennte-dw","status":"publish","type":"post","link":"https:\/\/www.vernunftkraft-hessen.de\/wordpress\/2021\/04\/30\/wie-die-solarstromrevolution-im-jemen-dem-ganzen-land-das-wasser-abgraben-koennte-dw\/","title":{"rendered":"Wie die Solarstromrevolution im Jemen dem ganzen Land das Wasser abgraben k\u00f6nnte | DW"},"content":{"rendered":"<p><strong>W\u00e4hrend des Krieges haben die Jemeniten auf Solarenergie f\u00fcr H\u00e4user und Krankenh\u00e4user sowie f\u00fcr Wasserpumpen gesetzt. Aber neue Forschungen sagen, dass zu viel Wasser gepumpt wird und das ganze Land in Gefahr ist.<\/strong><\/p>\n<p><a href=\"https:\/\/ceobs.org\/groundwater-depletion-clouds-yemens-solar-energy-revolution\/\" target=\"_blank\" rel=\"noopener noreferrer\">Ein Bericht<\/a>, der diese Woche vom Conflict and Environment Observatory in Gro\u00dfbritannien ver\u00f6ffentlicht wurde, kommt zu dem Schluss, dass <strong>im Jemen zwar jetzt noch \u00fcberall die Lichter brennen<\/strong>, es aber sehr bald <strong>kein Wasser mehr geben k\u00f6nnte.<\/strong> <strong>Und, so wird vermutet, die Solarenergie ist schuld daran.<\/strong><\/p>\n<p>Weiterlesen: <em><a href=\"https:\/\/www.dw.com\/en\/how-yemens-solar-power-revolution-could-drain-the-whole-country-of-water\/a-57364390?fbclid=IwAR3NrQAO0QjH2GohwnE1MH-2SW0u8g0ui2qUxply2jO8M5NjMBP6TX4xdzY\" target=\"_blank\" rel=\"noopener noreferrer\">How Yemen&#8217;s solar power revolution could drain the whole country of water<\/a><\/em> | DW<\/p>\n","protected":false},"excerpt":{"rendered":"<p>W\u00e4hrend des Krieges haben die Jemeniten auf Solarenergie f\u00fcr H\u00e4user und Krankenh\u00e4user sowie f\u00fcr Wasserpumpen gesetzt. Aber neue Forschungen sagen, dass zu viel Wasser gepumpt wird und das ganze Land in Gefahr ist. Ein Bericht, der diese Woche vom Conflict and Environment Observatory in Gro\u00dfbritannien ver\u00f6ffentlicht wurde, kommt zu dem Schluss, dass im Jemen zwar &hellip; <a href=\"https:\/\/www.vernunftkraft-hessen.de\/wordpress\/2021\/04\/30\/wie-die-solarstromrevolution-im-jemen-dem-ganzen-land-das-wasser-abgraben-koennte-dw\/\" class=\"more-link\"><span class=\"screen-reader-text\">\u201eWie die Solarstromrevolution im Jemen dem ganzen Land das Wasser abgraben k\u00f6nnte | DW\u201c<\/span> weiterlesen<\/a><\/p>\n","protected":false},"author":26,"featured_media":0,"comment_status":"closed","ping_status":"closed","sticky":false,"template":"","format":"standard","meta":{"footnotes":""},"categories":[165],"tags":[18,278,561,84],"class_list":["post-25069","post","type-post","status-publish","format-standard","hentry","category-trinkwasserschutz","tag-grundwasser","tag-photovoltaik","tag-solarparks","tag-umwelt"],"_links":{"self":[{"href":"https:\/\/www.vernunftkraft-hessen.de\/wordpress\/wp-json\/wp\/v2\/posts\/25069","targetHints":{"allow":["GET"]}}],"collection":[{"href":"https:\/\/www.vernunftkraft-hessen.de\/wordpress\/wp-json\/wp\/v2\/posts"}],"about":[{"href":"https:\/\/www.vernunftkraft-hessen.de\/wordpress\/wp-json\/wp\/v2\/types\/post"}],"author":[{"embeddable":true,"href":"https:\/\/www.vernunftkraft-hessen.de\/wordpress\/wp-json\/wp\/v2\/users\/26"}],"replies":[{"embeddable":true,"href":"https:\/\/www.vernunftkraft-hessen.de\/wordpress\/wp-json\/wp\/v2\/comments?post=25069"}],"version-history":[{"count":1,"href":"https:\/\/www.vernunftkraft-hessen.de\/wordpress\/wp-json\/wp\/v2\/posts\/25069\/revisions"}],"predecessor-version":[{"id":25070,"href":"https:\/\/www.vernunftkraft-hessen.de\/wordpress\/wp-json\/wp\/v2\/posts\/25069\/revisions\/25070"}],"wp:attachment":[{"href":"https:\/\/www.vernunftkraft-hessen.de\/wordpress\/wp-json\/wp\/v2\/media?parent=25069"}],"wp:term":[{"taxonomy":"category","embeddable":true,"href":"https:\/\/www.vernunftkraft-hessen.de\/wordpress\/wp-json\/wp\/v2\/categories?post=25069"},{"taxonomy":"post_tag","embeddable":true,"href":"https:\/\/www.vernunftkraft-hessen.de\/wordpress\/wp-json\/wp\/v2\/tags?post=25069"}],"curies":[{"name":"wp","href":"https:\/\/api.w.org\/{rel}","templated":true}]}}