{"id":25657,"date":"2021-05-23T23:28:51","date_gmt":"2021-05-23T21:28:51","guid":{"rendered":"http:\/\/www.vernunftkraft-hessen.de\/wordpress\/?p=25657"},"modified":"2021-05-23T23:30:23","modified_gmt":"2021-05-23T21:30:23","slug":"wie-robert-habeck-bei-maybrit-illner-die-katze-aus-dem-sack-liess-te","status":"publish","type":"post","link":"https:\/\/www.vernunftkraft-hessen.de\/wordpress\/2021\/05\/23\/wie-robert-habeck-bei-maybrit-illner-die-katze-aus-dem-sack-liess-te\/","title":{"rendered":"Wie Robert Habeck bei \u201eMaybrit Illner\u201c die Katze aus dem Sack lie\u00df | TE"},"content":{"rendered":"<blockquote><p><span style=\"font-size: 12pt;\"><strong>Der Gr\u00fcnen-Parteichef l\u00e4sst durchblicken, worauf man sich unter einer gr\u00fcnen Regierung einzustellen hat: Enteignung nicht durch Revolution, sondern durch Abgaben f\u00fcr soziale Folgen der Klimawende.<\/strong><\/span><\/p><\/blockquote>\n<p>Weiterlesen: <em><a href=\"https:\/\/www.tichyseinblick.de\/meinungen\/wie-robert-habeck-bei-maybrit-illner-die-katze-aus-dem-sack-liess\/?fbclid=IwAR2BCzK7LvcFRk-5hGtwfod03Tcq0Dhao0UZaHiVU8_Z7aI8o3AxF12ypJg\" target=\"_blank\" rel=\"noopener noreferrer\">Wie Robert Habeck bei \u201eMaybrit Illner\u201c die Katze aus dem Sack lie\u00df<\/a> | TE<\/em><\/p>\n","protected":false},"excerpt":{"rendered":"<p>Der Gr\u00fcnen-Parteichef l\u00e4sst durchblicken, worauf man sich unter einer gr\u00fcnen Regierung einzustellen hat: Enteignung nicht durch Revolution, sondern durch Abgaben f\u00fcr soziale Folgen der Klimawende. Weiterlesen: Wie Robert Habeck bei \u201eMaybrit Illner\u201c die Katze aus dem Sack lie\u00df | TE<\/p>\n","protected":false},"author":26,"featured_media":0,"comment_status":"closed","ping_status":"closed","sticky":false,"template":"","format":"standard","meta":{"footnotes":""},"categories":[182],"tags":[170,175,299,29,6],"class_list":["post-25657","post","type-post","status-publish","format-standard","hentry","category-wahlprogramm","tag-bundestagswahl","tag-energiepolitik","tag-klimapolitik","tag-parteien","tag-politik"],"_links":{"self":[{"href":"https:\/\/www.vernunftkraft-hessen.de\/wordpress\/wp-json\/wp\/v2\/posts\/25657","targetHints":{"allow":["GET"]}}],"collection":[{"href":"https:\/\/www.vernunftkraft-hessen.de\/wordpress\/wp-json\/wp\/v2\/posts"}],"about":[{"href":"https:\/\/www.vernunftkraft-hessen.de\/wordpress\/wp-json\/wp\/v2\/types\/post"}],"author":[{"embeddable":true,"href":"https:\/\/www.vernunftkraft-hessen.de\/wordpress\/wp-json\/wp\/v2\/users\/26"}],"replies":[{"embeddable":true,"href":"https:\/\/www.vernunftkraft-hessen.de\/wordpress\/wp-json\/wp\/v2\/comments?post=25657"}],"version-history":[{"count":3,"href":"https:\/\/www.vernunftkraft-hessen.de\/wordpress\/wp-json\/wp\/v2\/posts\/25657\/revisions"}],"predecessor-version":[{"id":25660,"href":"https:\/\/www.vernunftkraft-hessen.de\/wordpress\/wp-json\/wp\/v2\/posts\/25657\/revisions\/25660"}],"wp:attachment":[{"href":"https:\/\/www.vernunftkraft-hessen.de\/wordpress\/wp-json\/wp\/v2\/media?parent=25657"}],"wp:term":[{"taxonomy":"category","embeddable":true,"href":"https:\/\/www.vernunftkraft-hessen.de\/wordpress\/wp-json\/wp\/v2\/categories?post=25657"},{"taxonomy":"post_tag","embeddable":true,"href":"https:\/\/www.vernunftkraft-hessen.de\/wordpress\/wp-json\/wp\/v2\/tags?post=25657"}],"curies":[{"name":"wp","href":"https:\/\/api.w.org\/{rel}","templated":true}]}}