{"id":26265,"date":"2021-06-24T04:40:38","date_gmt":"2021-06-24T02:40:38","guid":{"rendered":"http:\/\/www.vernunftkraft-hessen.de\/wordpress\/?p=26265"},"modified":"2021-06-24T04:43:55","modified_gmt":"2021-06-24T02:43:55","slug":"der-klimawohlstand-te","status":"publish","type":"post","link":"https:\/\/www.vernunftkraft-hessen.de\/wordpress\/2021\/06\/24\/der-klimawohlstand-te\/","title":{"rendered":"Der Klimawohlstand | TE"},"content":{"rendered":"<blockquote><p><span style=\"font-size: 12pt;\"><strong>Der hektische \u00dcberbietungswettbewerb der Klimaschutzeinheitsparteien zur CO2-Minderung l\u00e4sst f\u00fcr Industrie und private Verbraucher in Deutschland nichts Gutes ahnen, schreibt Frank Hennig.<\/strong> <\/span><\/p><\/blockquote>\n<blockquote class=\"wp-embedded-content\" data-secret=\"78ahyKq1rn\"><p><a href=\"https:\/\/www.tichyseinblick.de\/feuilleton\/buecher\/der-klimawohlstand\/\">Der Klimawohlstand<\/a><\/p><\/blockquote>\n<p><iframe loading=\"lazy\" class=\"wp-embedded-content\" sandbox=\"allow-scripts\" security=\"restricted\" style=\"position: absolute; clip: rect(1px, 1px, 1px, 1px);\" src=\"https:\/\/www.tichyseinblick.de\/feuilleton\/buecher\/der-klimawohlstand\/embed\/#?secret=78ahyKq1rn\" data-secret=\"78ahyKq1rn\" width=\"600\" height=\"338\" title=\"&#8222;Der Klimawohlstand&#8220; &#8212; Tichys Einblick\" frameborder=\"0\" marginwidth=\"0\" marginheight=\"0\" scrolling=\"no\"><\/iframe><\/p>\n<p>Weiterlesen: <em><a href=\"https:\/\/www.tichyseinblick.de\/feuilleton\/buecher\/der-klimawohlstand\/\" target=\"_blank\" rel=\"noopener noreferrer\">Der Klimawohlstand<\/a><\/em><\/p>\n","protected":false},"excerpt":{"rendered":"<p>Der hektische \u00dcberbietungswettbewerb der Klimaschutzeinheitsparteien zur CO2-Minderung l\u00e4sst f\u00fcr Industrie und private Verbraucher in Deutschland nichts Gutes ahnen, schreibt Frank Hennig. Der Klimawohlstand Weiterlesen: Der Klimawohlstand<\/p>\n","protected":false},"author":26,"featured_media":0,"comment_status":"closed","ping_status":"closed","sticky":false,"template":"","format":"standard","meta":{"footnotes":""},"categories":[457],"tags":[299,52,29,6,511],"class_list":["post-26265","post","type-post","status-publish","format-standard","hentry","category-klimapolitik","tag-klimapolitik","tag-kosten","tag-parteien","tag-politik","tag-wirtschaft"],"_links":{"self":[{"href":"https:\/\/www.vernunftkraft-hessen.de\/wordpress\/wp-json\/wp\/v2\/posts\/26265","targetHints":{"allow":["GET"]}}],"collection":[{"href":"https:\/\/www.vernunftkraft-hessen.de\/wordpress\/wp-json\/wp\/v2\/posts"}],"about":[{"href":"https:\/\/www.vernunftkraft-hessen.de\/wordpress\/wp-json\/wp\/v2\/types\/post"}],"author":[{"embeddable":true,"href":"https:\/\/www.vernunftkraft-hessen.de\/wordpress\/wp-json\/wp\/v2\/users\/26"}],"replies":[{"embeddable":true,"href":"https:\/\/www.vernunftkraft-hessen.de\/wordpress\/wp-json\/wp\/v2\/comments?post=26265"}],"version-history":[{"count":3,"href":"https:\/\/www.vernunftkraft-hessen.de\/wordpress\/wp-json\/wp\/v2\/posts\/26265\/revisions"}],"predecessor-version":[{"id":26268,"href":"https:\/\/www.vernunftkraft-hessen.de\/wordpress\/wp-json\/wp\/v2\/posts\/26265\/revisions\/26268"}],"wp:attachment":[{"href":"https:\/\/www.vernunftkraft-hessen.de\/wordpress\/wp-json\/wp\/v2\/media?parent=26265"}],"wp:term":[{"taxonomy":"category","embeddable":true,"href":"https:\/\/www.vernunftkraft-hessen.de\/wordpress\/wp-json\/wp\/v2\/categories?post=26265"},{"taxonomy":"post_tag","embeddable":true,"href":"https:\/\/www.vernunftkraft-hessen.de\/wordpress\/wp-json\/wp\/v2\/tags?post=26265"}],"curies":[{"name":"wp","href":"https:\/\/api.w.org\/{rel}","templated":true}]}}