{"id":26403,"date":"2021-07-01T03:15:50","date_gmt":"2021-07-01T01:15:50","guid":{"rendered":"http:\/\/www.vernunftkraft-hessen.de\/wordpress\/?p=26403"},"modified":"2021-07-01T03:24:33","modified_gmt":"2021-07-01T01:24:33","slug":"windenergie-in-der-krise-teil-1-und-teil-2-eike","status":"publish","type":"post","link":"https:\/\/www.vernunftkraft-hessen.de\/wordpress\/2021\/07\/01\/windenergie-in-der-krise-teil-1-und-teil-2-eike\/","title":{"rendered":"Windenergie in der Krise &#8211; Teil 1 und Teil 2 | EIKE"},"content":{"rendered":"<p>Von Alex Reichmuth<\/p>\n<p><strong>Die deutsche Windkraftbranche muss R\u00fcckschlag um R\u00fcckschlag hinnehmen. Es werden kaum mehr neue Turbinen gebaut, und immer mehr alte Windr\u00e4der fallen aus der F\u00f6rderung. Jetzt werden auf Forderungen der Lobbyisten die Regeln gelockert!<\/strong><\/p>\n<ul>\n<li><a href=\"https:\/\/eike-klima-energie.eu\/2021\/06\/27\/windenergie-in-der-krise-teil-1-in-deutschland-stockt-der-ausbau\/\" target=\"_blank\" rel=\"noopener noreferrer\">Teil 1: In Deutschland stockt der Ausbau<\/a><\/li>\n<li><a href=\"https:\/\/eike-klima-energie.eu\/2021\/06\/28\/windenergie-in-der-krise-teil-2-jetzt-geht-es-dem-wald-an-den-kragenvon\/\">Teil 2: Jetzt geht es dem Wald an den KragenVon<\/a><\/li>\n<\/ul>\n","protected":false},"excerpt":{"rendered":"<p>Von Alex Reichmuth Die deutsche Windkraftbranche muss R\u00fcckschlag um R\u00fcckschlag hinnehmen. Es werden kaum mehr neue Turbinen gebaut, und immer mehr alte Windr\u00e4der fallen aus der F\u00f6rderung. Jetzt werden auf Forderungen der Lobbyisten die Regeln gelockert! Teil 1: In Deutschland stockt der Ausbau Teil 2: Jetzt geht es dem Wald an den KragenVon<\/p>\n","protected":false},"author":26,"featured_media":0,"comment_status":"closed","ping_status":"closed","sticky":false,"template":"","format":"standard","meta":{"footnotes":""},"categories":[222],"tags":[175,17,49],"class_list":["post-26403","post","type-post","status-publish","format-standard","hentry","category-energiepolitik","tag-energiepolitik","tag-energiewende","tag-zubau"],"_links":{"self":[{"href":"https:\/\/www.vernunftkraft-hessen.de\/wordpress\/wp-json\/wp\/v2\/posts\/26403","targetHints":{"allow":["GET"]}}],"collection":[{"href":"https:\/\/www.vernunftkraft-hessen.de\/wordpress\/wp-json\/wp\/v2\/posts"}],"about":[{"href":"https:\/\/www.vernunftkraft-hessen.de\/wordpress\/wp-json\/wp\/v2\/types\/post"}],"author":[{"embeddable":true,"href":"https:\/\/www.vernunftkraft-hessen.de\/wordpress\/wp-json\/wp\/v2\/users\/26"}],"replies":[{"embeddable":true,"href":"https:\/\/www.vernunftkraft-hessen.de\/wordpress\/wp-json\/wp\/v2\/comments?post=26403"}],"version-history":[{"count":3,"href":"https:\/\/www.vernunftkraft-hessen.de\/wordpress\/wp-json\/wp\/v2\/posts\/26403\/revisions"}],"predecessor-version":[{"id":26406,"href":"https:\/\/www.vernunftkraft-hessen.de\/wordpress\/wp-json\/wp\/v2\/posts\/26403\/revisions\/26406"}],"wp:attachment":[{"href":"https:\/\/www.vernunftkraft-hessen.de\/wordpress\/wp-json\/wp\/v2\/media?parent=26403"}],"wp:term":[{"taxonomy":"category","embeddable":true,"href":"https:\/\/www.vernunftkraft-hessen.de\/wordpress\/wp-json\/wp\/v2\/categories?post=26403"},{"taxonomy":"post_tag","embeddable":true,"href":"https:\/\/www.vernunftkraft-hessen.de\/wordpress\/wp-json\/wp\/v2\/tags?post=26403"}],"curies":[{"name":"wp","href":"https:\/\/api.w.org\/{rel}","templated":true}]}}