{"id":26669,"date":"2021-07-14T03:30:43","date_gmt":"2021-07-14T01:30:43","guid":{"rendered":"http:\/\/www.vernunftkraft-hessen.de\/wordpress\/?p=26669"},"modified":"2021-07-14T03:32:46","modified_gmt":"2021-07-14T01:32:46","slug":"machnig-vor-der-wahl-muss-politik-erklaeren-wie-teuer-die-klimapolitik-wird-te","status":"publish","type":"post","link":"https:\/\/www.vernunftkraft-hessen.de\/wordpress\/2021\/07\/14\/machnig-vor-der-wahl-muss-politik-erklaeren-wie-teuer-die-klimapolitik-wird-te\/","title":{"rendered":"Machnig: Vor der Wahl muss Politik erkl\u00e4ren, wie teuer die Klimapolitik wird | TE"},"content":{"rendered":"<blockquote><p><span style=\"font-size: 12pt;\"><strong>Matthias Machnig, Ex-Wahlkampfberater der SPD und fr\u00fcherer Wirtschaftsminister in Th\u00fcringen, warnt davor, die Kosten der Klimapolitik kleinzurechnen. Das, so seine \u00dcberzeugung, \u201edelegitimiert Politik\u201c<\/strong><\/span><\/p><\/blockquote>\n<blockquote class=\"wp-embedded-content\" data-secret=\"TDf9cl1ky6\"><p><a href=\"https:\/\/www.tichyseinblick.de\/daili-es-sentials\/machnig-vor-der-wahl-muss-politik-erklaeren-wie-teuer-die-klimapolitik-wird\/\">Machnig: Vor der Wahl muss Politik erkl\u00e4ren, wie teuer die Klimapolitik wird<\/a><\/p><\/blockquote>\n<p><iframe loading=\"lazy\" class=\"wp-embedded-content\" sandbox=\"allow-scripts\" security=\"restricted\" style=\"position: absolute; clip: rect(1px, 1px, 1px, 1px);\" src=\"https:\/\/www.tichyseinblick.de\/daili-es-sentials\/machnig-vor-der-wahl-muss-politik-erklaeren-wie-teuer-die-klimapolitik-wird\/embed\/#?secret=TDf9cl1ky6\" data-secret=\"TDf9cl1ky6\" width=\"600\" height=\"338\" title=\"&#8222;Machnig: Vor der Wahl muss Politik erkl\u00e4ren, wie teuer die Klimapolitik wird&#8220; &#8212; Tichys Einblick\" frameborder=\"0\" marginwidth=\"0\" marginheight=\"0\" scrolling=\"no\"><\/iframe><\/p>\n<p>Weiterlesen: <em><a href=\"https:\/\/www.tichyseinblick.de\/daili-es-sentials\/machnig-vor-der-wahl-muss-politik-erklaeren-wie-teuer-die-klimapolitik-wird\/?fbclid=IwAR04Vv8wXMZoNJbMGNClQVFD0V8J_KPgsGQp20P5yGU84oTUesXBOUXYdTQ\" target=\"_blank\" rel=\"noopener noreferrer\">Machnig: Vor der Wahl muss Politik erkl\u00e4ren, wie teuer die Klimapolitik wird<\/a> | TE<\/em><\/p>\n","protected":false},"excerpt":{"rendered":"<p>Matthias Machnig, Ex-Wahlkampfberater der SPD und fr\u00fcherer Wirtschaftsminister in Th\u00fcringen, warnt davor, die Kosten der Klimapolitik kleinzurechnen. Das, so seine \u00dcberzeugung, \u201edelegitimiert Politik\u201c Machnig: Vor der Wahl muss Politik erkl\u00e4ren, wie teuer die Klimapolitik wird Weiterlesen: Machnig: Vor der Wahl muss Politik erkl\u00e4ren, wie teuer die Klimapolitik wird | TE<\/p>\n","protected":false},"author":26,"featured_media":0,"comment_status":"closed","ping_status":"closed","sticky":false,"template":"","format":"standard","meta":{"footnotes":""},"categories":[457,217],"tags":[170,175,299,29,6,146],"class_list":["post-26669","post","type-post","status-publish","format-standard","hentry","category-klimapolitik","category-wahlkampf","tag-bundestagswahl","tag-energiepolitik","tag-klimapolitik","tag-parteien","tag-politik","tag-wahlkampf"],"_links":{"self":[{"href":"https:\/\/www.vernunftkraft-hessen.de\/wordpress\/wp-json\/wp\/v2\/posts\/26669","targetHints":{"allow":["GET"]}}],"collection":[{"href":"https:\/\/www.vernunftkraft-hessen.de\/wordpress\/wp-json\/wp\/v2\/posts"}],"about":[{"href":"https:\/\/www.vernunftkraft-hessen.de\/wordpress\/wp-json\/wp\/v2\/types\/post"}],"author":[{"embeddable":true,"href":"https:\/\/www.vernunftkraft-hessen.de\/wordpress\/wp-json\/wp\/v2\/users\/26"}],"replies":[{"embeddable":true,"href":"https:\/\/www.vernunftkraft-hessen.de\/wordpress\/wp-json\/wp\/v2\/comments?post=26669"}],"version-history":[{"count":3,"href":"https:\/\/www.vernunftkraft-hessen.de\/wordpress\/wp-json\/wp\/v2\/posts\/26669\/revisions"}],"predecessor-version":[{"id":26672,"href":"https:\/\/www.vernunftkraft-hessen.de\/wordpress\/wp-json\/wp\/v2\/posts\/26669\/revisions\/26672"}],"wp:attachment":[{"href":"https:\/\/www.vernunftkraft-hessen.de\/wordpress\/wp-json\/wp\/v2\/media?parent=26669"}],"wp:term":[{"taxonomy":"category","embeddable":true,"href":"https:\/\/www.vernunftkraft-hessen.de\/wordpress\/wp-json\/wp\/v2\/categories?post=26669"},{"taxonomy":"post_tag","embeddable":true,"href":"https:\/\/www.vernunftkraft-hessen.de\/wordpress\/wp-json\/wp\/v2\/tags?post=26669"}],"curies":[{"name":"wp","href":"https:\/\/api.w.org\/{rel}","templated":true}]}}