{"id":28558,"date":"2021-10-17T23:00:09","date_gmt":"2021-10-17T21:00:09","guid":{"rendered":"http:\/\/www.vernunftkraft-hessen.de\/wordpress\/?p=28558"},"modified":"2021-10-30T06:08:46","modified_gmt":"2021-10-30T04:08:46","slug":"ergebnis-der-sondierungen","status":"publish","type":"post","link":"https:\/\/www.vernunftkraft-hessen.de\/wordpress\/2021\/10\/17\/ergebnis-der-sondierungen\/","title":{"rendered":"Ergebnis der Sondierungen zwischen SPD, B\u00dcNDNIS 90\/DIE GR\u00dcNEN und FDP"},"content":{"rendered":"<h5>Sondierungspapier, Kommentare und Pressestimmen<\/h5>\n<p>(<strong>&#8230;) 2 KLIMASCHUTZ<\/strong><\/p>\n<p><a href=\"http:\/\/www.vernunftkraft-hessen.de\/wordpress\/wp-content\/uploads\/2021\/10\/Sondierungspapier.png\"><img loading=\"lazy\" decoding=\"async\" class=\"alignnone size-full wp-image-28561\" src=\"http:\/\/www.vernunftkraft-hessen.de\/wordpress\/wp-content\/uploads\/2021\/10\/Sondierungspapier.png\" alt=\"\" width=\"966\" height=\"449\" srcset=\"https:\/\/www.vernunftkraft-hessen.de\/wordpress\/wp-content\/uploads\/2021\/10\/Sondierungspapier.png 966w, https:\/\/www.vernunftkraft-hessen.de\/wordpress\/wp-content\/uploads\/2021\/10\/Sondierungspapier-300x139.png 300w, https:\/\/www.vernunftkraft-hessen.de\/wordpress\/wp-content\/uploads\/2021\/10\/Sondierungspapier-768x357.png 768w\" sizes=\"auto, (max-width: 709px) 85vw, (max-width: 909px) 67vw, (max-width: 1362px) 62vw, 840px\" \/><\/a><\/p>\n<p><a href=\"http:\/\/www.vernunftkraft-hessen.de\/wordpress\/wp-content\/uploads\/2021\/10\/Ampel.pdf\" target=\"_blank\" rel=\"noopener noreferrer\">Hier k\u00f6nnen Sie das komplette Sondierungspapier einsehen.<\/a><\/p>\n<p><!--more--><\/p>\n<p><strong>Meinungen:<\/strong><\/p>\n<pre><strong>Facebook-Kommentar von Wind-Idiotope\r\n<\/strong><span style=\"font-size: 10pt;\">(Link: <a href=\"https:\/\/www.facebook.com\/irrwegwindkraft\/photos\/a.564374437231533\/1569450290057271\/\" target=\"_blank\" rel=\"noopener noreferrer\">https:\/\/www.facebook.com\/irrwegwindkraft\/photos\/a.564374437231533\/1569450290057271\/<\/a>)<\/span><strong>\r\n\r\nNACHGERECHNET und f\u00fcr verlogen befunden<\/strong>\r\n<img loading=\"lazy\" decoding=\"async\" class=\"alignleft\" title=\"\" src=\"https:\/\/scontent-frt3-2.xx.fbcdn.net\/v\/t1.6435-9\/p960x960\/245667540_1569450293390604_932574529553550988_n.jpg?_nc_cat=103&amp;ccb=1-5&amp;_nc_sid=730e14&amp;_nc_ohc=y4pSgX_uXsUAX8sWozF&amp;_nc_ht=scontent-frt3-2.xx&amp;oh=d81105434b17155d3488017c76b8dcfc&amp;oe=618F0763\" alt=\"\" width=\"263\" height=\"148\" \/>SPD, Gr\u00fcne und FDP verk\u00fcnden in ihren Sondierungsgespr\u00e4chen dass sie f\u00fcr die Windkraft in DE 2% der Landesfl\u00e4che nutzen wollen.\r\nAuf 2 % der Landesfl\u00e4che, passen, wenn sie in Windindustriegebiete aufgestellt werden ca 48.000 WKAs.\r\nDiese 48.000 M\u00fchlen w\u00fcrden bei je install. Leistung von je 4 MW und 2.200 Volllaststunden\/anno. 422,4 TWh im Jahr erzeugen.\r\nDer Gesamtprim\u00e4renergieverbrauch betrug im Jahr 2018 stolze 3.640 TWh.\r\nWelcher der EEs sollte den Rest beisteuern?\r\nNehmen wir an, die M\u00fchlen sollten 50% Anteil am Prim\u00e4renergieverbrauch beisteuern.\r\nDann muss Windkraft 1820 TWh Strom produzieren.\r\nBedeutet bei 206.800 WKAs a 4 MW inst. Leistung.\r\nBedeutet aber auch, diese 206.800 WKAs ben\u00f6tigen 8,6 % der Landesfl\u00e4che oder 31.022 km\u00b2 Fl\u00e4che.<\/pre>\n<p><span style=\"font-size: 14pt;\"><strong><iframe loading=\"lazy\" src=\"https:\/\/www.facebook.com\/plugins\/post.php?href=https%3A%2F%2Fwww.facebook.com%2Fmartin.kraft.737%2Fposts%2F4723721907661384&amp;show_text=true&amp;width=500\" width=\"500\" height=\"780\" frameborder=\"0\" scrolling=\"no\" allowfullscreen=\"allowfullscreen\"><\/iframe> <\/strong><\/span><span style=\"font-size: 10pt;\"><a href=\"http:\/\/www.vernunftkraft-hessen.de\/wordpress\/datenschutz\/\" target=\"_blank\" rel=\"noopener noreferrer\">*Datenschutzhinweis beachten<\/a><\/span><\/p>\n<p><span style=\"font-size: 14pt;\"><strong>Pressestimmen:<\/strong><\/span><\/p>\n<ul>\n<li><em><strong><a href=\"https:\/\/peymani.de\/die-ampel-steht-auf-gruen-deutschland-wird-zum-hauptquartier-der-oekosozialisten\/\" target=\"_blank\" rel=\"noopener noreferrer\">Die Ampel steht auf Gr\u00fcn: Deutschland wird zum Hauptquartier der \u00d6kosozialisten<\/a> | Liberale Warte<\/strong><\/em><\/li>\n<li><strong><em><a href=\"https:\/\/www.tichyseinblick.de\/meinungen\/fdp-politische-huetchenspielerei-lindners-linksruck\/\" target=\"_blank\" rel=\"noopener noreferrer\">FDP: Politische H\u00fctchenspielerei &#8211; Lindners Linksruck <\/a>| TE<\/em><\/strong><\/li>\n<li><em><strong><a href=\"https:\/\/reitschuster.de\/post\/die-sondierer-sind-keine-retter-sondern-gefaehrder\/\" target=\"_blank\" rel=\"noopener noreferrer\">Die Sondierer sind keine Retter, sondern Gef\u00e4hrder &#8211; Ansagen aus dem Sondierungsraumschiff<\/a> | Reitschuster.de<\/strong><\/em><\/li>\n<li><em><strong><a href=\"https:\/\/www.tichyseinblick.de\/video\/tichys-ausblick\/die-ampel-liefert-wie-versprochen-eine-fragwuerdige-illiberale-zukunft\/?fbclid=IwAR3OKpxQucmvNmr8aVgkSWZOWMeRZsWb5C2H5wlvzA4DDB1qBln_FbptejU\" target=\"_blank\" rel=\"noopener noreferrer\">No future: Die Ampel liefert wie versprochen \u2013 eine fragw\u00fcrdige, illiberale Zukunft <\/a>| TE<\/strong><\/em><\/li>\n<li><em><strong><a href=\"https:\/\/www.achgut.com\/artikel\/deutschland_steht_eine_koalition_des_groessenwahnsinnigen_gruenen_utopismus\" target=\"_blank\" rel=\"noopener noreferrer\">Deutschland steht eine Koalition des gr\u00f6\u00dfenwahnsinnigen gr\u00fcnen Utopismus bevor <\/a>| achgut<\/strong><\/em><\/li>\n<li><a href=\"https:\/\/www.tichyseinblick.de\/kolumnen\/blackbox\/blackbox-kw-42-fortschrittskoalition-merkel\/\" target=\"_blank\" rel=\"noopener noreferrer\"><strong><em>Blackbox KW 42 \u2013 \u201eFortschrittskoalition\u201c, nur ein St\u00fcck Papier \u2026<\/em><\/strong><\/a><br \/>\n<strong><em>| TE<\/em><\/strong><\/li>\n<li><em><strong><a href=\"https:\/\/www.epochtimes.de\/politik\/deutschland\/richterbund-kritisiert-sondierungspapier-a3626094.html\" target=\"_blank\" rel=\"noopener noreferrer\">Richterbund kritisiert Sondierungspapier<\/a> | ET<\/strong><\/em><\/li>\n<li><strong><em><a href=\"https:\/\/www.epochtimes.de\/politik\/deutschland\/das-ist-die-strammste-linksagenda-die-wir-seit-jahrzehnten-gehabt-haben-a3626093.html\" target=\"_blank\" rel=\"noopener noreferrer\">\u201eDas ist die strammste Linksagenda, die wir seit Jahrzehnten gehabt haben\u201c<\/a><br \/>\n| ET<\/em> &#8211; Ralph Brinkhaus<\/strong><\/li>\n<li><a href=\"https:\/\/www.epochtimes.de\/politik\/deutschland\/habeck-wirbt-beim-laenderrat-fuer-koalitionsverhandlungen-zur-ampel-a3626127.html\" target=\"_blank\" rel=\"noopener noreferrer\"><em><strong>Gr\u00fcnen-Chef Robert Habeck: \u201eWir muten uns mit diesem Papier etwas zu\u201c<\/strong><\/em><\/a><br \/>\n<em><strong>| ET<\/strong><\/em><\/li>\n<li><em><strong><a href=\"https:\/\/the-germanz.de\/ja-zu-koalitionsverhandlungen-wir-schreiben-gruene-geschichte-sagt-habeck\/\" target=\"_blank\" rel=\"noopener noreferrer\">Ja zu Koalitionsverhandlungen: \u00abWir schreiben gr\u00fcne Geschichte\u00bb, sagt Habeck<\/a> | The Germanz<\/strong><\/em><\/li>\n<li><em><strong><a href=\"https:\/\/the-germanz.de\/jetzt-sind-sie-halt-da-diese-ampel-wird-deutschland-leise-aber-dramatisch-veraendern-die-mehrheit-will-es-so\/?fbclid=IwAR1qRjaYHocUPqYT4Ur5eI4oVm_kfgrOaNx8FLrHbzyW6q_WvvQp9ZCzxTw\" target=\"_blank\" rel=\"noopener noreferrer\">\u201cJetzt sind sie halt da\u201d: Diese Ampel wird Deutschland leise aber dramatisch ver\u00e4ndern \u2013 Die Mehrheit will es so!|<\/a> The Germanz<\/strong><\/em><\/li>\n<li><em><strong><a href=\"https:\/\/www.tichyseinblick.de\/daili-es-sentials\/ampel-sondierungspapier-die-milchmaedchen-koalition\/?fbclid=IwAR2ykVJiOE-1DckkwPpEQ7_syIrMdgxmXcktNJQP8L5YEpwXlcBuMaxdP80\" target=\"_blank\" rel=\"noopener noreferrer\">Ampel-Sondierungspapier: \u00dcberall Mehrausgaben, keine Steuererh\u00f6hungen<\/a> | TE<\/strong><\/em><\/li>\n<li><em><strong><a href=\"https:\/\/www.achgut.com\/artikel\/die_partei_chefs_einigen_sich_auf_ampel_koalitionsgespraeche\" target=\"_blank\" rel=\"noopener noreferrer\">Die Partei-Chefs einigen sich auf Ampel-Koalitionsgespr\u00e4che |<\/a> achgut<\/strong><\/em><\/li>\n<li><em><strong><a href=\"https:\/\/www.n-tv.de\/politik\/Ampel-Parteispitzen-empfehlen-Koalitionsverhandlungen-article22868255.html\" target=\"_blank\" rel=\"noopener noreferrer\">Ampel-Parteispitzen empfehlen Koalitionsverhandlungen<\/a> | ntv<\/strong><\/em><\/li>\n<li><em><strong><a href=\"https:\/\/rp-online.de\/politik\/deutschland\/bundestagswahl\/sondierungspapier-ampel-darauf-haben-sich-spd-gruene-und-fdp-geeinigt_aid-63531645\" target=\"_blank\" rel=\"noopener noreferrer\">In diesen Punkten sind sich SPD, Gr\u00fcne und FDP schon einig<\/a> | RP<\/strong><\/em><\/li>\n<li><em><em><strong><a href=\"https:\/\/the-germanz.de\/das-planen-spd-gruene-und-fdp-fuer-die-naechsten-vier-jahre-mindestlohn-frauenfoerderung-solarenergie\/\" target=\"_blank\" rel=\"noopener noreferrer\">Das planen SPD, Gr\u00fcne und FDP f\u00fcr die n\u00e4chsten vier Jahre: Mindestlohn, Frauenf\u00f6rderung, Solarenergie <\/a>| The Germanz<\/strong><\/em><\/em><\/li>\n<li><strong><em><a href=\"https:\/\/www.pi-news.net\/2021\/10\/die-ampel-steht-auf-rot-wie-die-fdp-ihre-waehler-verkauft\/\" target=\"_blank\" rel=\"noopener noreferrer\">Die Ampel steht auf \u201eRot\u201c: Wie die FDP ihre W\u00e4hler verkauft | PI-NEWS<\/a><\/em><\/strong><\/li>\n<\/ul>\n<blockquote class=\"wp-embedded-content\" data-secret=\"9pE6j2rOUk\"><p><a href=\"https:\/\/gruener-mist.de\/der-horrorkatalog-der-klima-kinder\">DER HORRORKATALOG DER KLIMA-KINDER<\/a><\/p><\/blockquote>\n<p><iframe loading=\"lazy\" class=\"wp-embedded-content\" sandbox=\"allow-scripts\" security=\"restricted\" style=\"position: absolute; clip: rect(1px, 1px, 1px, 1px);\" src=\"https:\/\/gruener-mist.de\/der-horrorkatalog-der-klima-kinder\/embed#?secret=9pE6j2rOUk\" data-secret=\"9pE6j2rOUk\" width=\"600\" height=\"338\" title=\"&#8222;DER HORRORKATALOG DER KLIMA-KINDER&#8220; &#8212; Gr\u00fcner Mist\" frameborder=\"0\" marginwidth=\"0\" marginheight=\"0\" scrolling=\"no\"><\/iframe><\/p>\n<blockquote class=\"wp-embedded-content\" data-secret=\"mRqPFIzgcf\"><p><a href=\"http:\/\/www.vernunftkraft-hessen.de\/wordpress\/2021\/10\/19\/windkraft-nachgerechnet-und-fuer-verlogen-befunden-ruhrkultour\/\">Windkraft &#8211; Nachgerechnet und f\u00fcr verlogen befunden &#8211; Ruhrkultour<\/a><\/p><\/blockquote>\n<p><iframe loading=\"lazy\" class=\"wp-embedded-content\" sandbox=\"allow-scripts\" security=\"restricted\" style=\"position: absolute; clip: rect(1px, 1px, 1px, 1px);\" src=\"http:\/\/www.vernunftkraft-hessen.de\/wordpress\/2021\/10\/19\/windkraft-nachgerechnet-und-fuer-verlogen-befunden-ruhrkultour\/embed\/#?secret=mRqPFIzgcf\" data-secret=\"mRqPFIzgcf\" width=\"600\" height=\"338\" title=\"&#8222;Windkraft &#8211; Nachgerechnet und f\u00fcr verlogen befunden &#8211; Ruhrkultour&#8220; &#8212; Vernunftkraft.\" frameborder=\"0\" marginwidth=\"0\" marginheight=\"0\" scrolling=\"no\"><\/iframe><\/p>\n<p>&nbsp;<\/p>\n<div class=\"shariff shariff-align-flex-start shariff-widget-align-flex-start\" data-services=\"facebook\" data-url=\"https%3A%2F%2Fwww.vernunftkraft-hessen.de%2Fwordpress%2F2021%2F10%2F17%2Fergebnis-der-sondierungen%2F\" data-timestamp=\"1635574126\" data-hidezero=\"1\" data-backendurl=\"https:\/\/www.vernunftkraft-hessen.de\/wordpress\/wp-json\/shariff\/v1\/share_counts?\"><div class=\"ShariffHeadline\">Diesen Beitrag teilen<\/div><ul class=\"shariff-buttons theme-color orientation-horizontal buttonsize-small\"><li class=\"shariff-button facebook shariff-nocustomcolor\" style=\"background-color:#4273c8\"><a href=\"https:\/\/www.facebook.com\/sharer\/sharer.php?u=https%3A%2F%2Fwww.vernunftkraft-hessen.de%2Fwordpress%2F2021%2F10%2F17%2Fergebnis-der-sondierungen%2F\" title=\"Bei Facebook teilen\" aria-label=\"Bei Facebook teilen\" role=\"button\" rel=\"nofollow\" class=\"shariff-link\" style=\"; background-color:#3b5998; color:#fff\" target=\"_blank\"><span class=\"shariff-icon\" style=\"\"><svg width=\"32px\" height=\"20px\" xmlns=\"http:\/\/www.w3.org\/2000\/svg\" viewBox=\"0 0 18 32\"><path fill=\"#3b5998\" d=\"M17.1 0.2v4.7h-2.8q-1.5 0-2.1 0.6t-0.5 1.9v3.4h5.2l-0.7 5.3h-4.5v13.6h-5.5v-13.6h-4.5v-5.3h4.5v-3.9q0-3.3 1.9-5.2t5-1.8q2.6 0 4.1 0.2z\"\/><\/svg><\/span><span class=\"shariff-text\">teilen<\/span>&nbsp;<span data-service=\"facebook\" style=\"color:#3b5998\" class=\"shariff-count shariff-hidezero\"><\/span>&nbsp;<\/a><\/li><li class=\"shariff-button whatsapp shariff-nocustomcolor\" style=\"background-color:#5cbe4a\"><a href=\"https:\/\/api.whatsapp.com\/send?text=https%3A%2F%2Fwww.vernunftkraft-hessen.de%2Fwordpress%2F2021%2F10%2F17%2Fergebnis-der-sondierungen%2F%20Ergebnis%20der%20Sondierungen%20zwischen%20SPD%2C%20B%C3%9CNDNIS%2090%2FDIE%20GR%C3%9CNEN%20und%20FDP\" title=\"Bei Whatsapp teilen\" aria-label=\"Bei Whatsapp teilen\" role=\"button\" rel=\"noopener nofollow\" class=\"shariff-link\" style=\"; background-color:#34af23; color:#fff\" target=\"_blank\"><span class=\"shariff-icon\" style=\"\"><svg width=\"32px\" height=\"20px\" xmlns=\"http:\/\/www.w3.org\/2000\/svg\" viewBox=\"0 0 32 32\"><path fill=\"#34af23\" d=\"M17.6 17.4q0.2 0 1.7 0.8t1.6 0.9q0 0.1 0 0.3 0 0.6-0.3 1.4-0.3 0.7-1.3 1.2t-1.8 0.5q-1 0-3.4-1.1-1.7-0.8-3-2.1t-2.6-3.3q-1.3-1.9-1.3-3.5v-0.1q0.1-1.6 1.3-2.8 0.4-0.4 0.9-0.4 0.1 0 0.3 0t0.3 0q0.3 0 0.5 0.1t0.3 0.5q0.1 0.4 0.6 1.6t0.4 1.3q0 0.4-0.6 1t-0.6 0.8q0 0.1 0.1 0.3 0.6 1.3 1.8 2.4 1 0.9 2.7 1.8 0.2 0.1 0.4 0.1 0.3 0 1-0.9t0.9-0.9zM14 26.9q2.3 0 4.3-0.9t3.6-2.4 2.4-3.6 0.9-4.3-0.9-4.3-2.4-3.6-3.6-2.4-4.3-0.9-4.3 0.9-3.6 2.4-2.4 3.6-0.9 4.3q0 3.6 2.1 6.6l-1.4 4.2 4.3-1.4q2.8 1.9 6.2 1.9zM14 2.2q2.7 0 5.2 1.1t4.3 2.9 2.9 4.3 1.1 5.2-1.1 5.2-2.9 4.3-4.3 2.9-5.2 1.1q-3.5 0-6.5-1.7l-7.4 2.4 2.4-7.2q-1.9-3.2-1.9-6.9 0-2.7 1.1-5.2t2.9-4.3 4.3-2.9 5.2-1.1z\"\/><\/svg><\/span><span class=\"shariff-text\">teilen<\/span>&nbsp;<\/a><\/li><li class=\"shariff-button threema shariff-nocustomcolor shariff-mobile\" style=\"background-color:#4fbc24\"><a href=\"threema:\/\/compose?text=Ergebnis%20der%20Sondierungen%20zwischen%20SPD%2C%20B%C3%9CNDNIS%2090%2FDIE%20GR%C3%9CNEN%20und%20FDP%20https%3A%2F%2Fwww.vernunftkraft-hessen.de%2Fwordpress%2F2021%2F10%2F17%2Fergebnis-der-sondierungen%2F\" title=\"Bei Threema teilen\" aria-label=\"Bei Threema teilen\" role=\"button\" rel=\"noopener nofollow\" class=\"shariff-link\" style=\"; background-color:#1f1f1f; color:#fff\" target=\"_blank\"><span class=\"shariff-icon\" style=\"\"><svg width=\"32px\" height=\"20px\" xmlns=\"http:\/\/www.w3.org\/2000\/svg\" viewBox=\"0 0 32 32\"><path fill=\"#1f1f1f\" d=\"M30.8 10.9c-0.3-1.4-0.9-2.6-1.8-3.8-2-2.6-5.5-4.5-9.4-5.2-1.3-0.2-1.9-0.3-3.5-0.3s-2.2 0-3.5 0.3c-4 0.7-7.4 2.6-9.4 5.2-0.9 1.2-1.5 2.4-1.8 3.8-0.1 0.5-0.2 1.2-0.2 1.6 0 0.4 0.1 1.1 0.2 1.6 0.4 1.9 1.3 3.4 2.9 5 0.8 0.8 0.8 0.8 0.7 1.3 0 0.6-0.5 1.6-1.7 3.6-0.3 0.5-0.5 0.9-0.5 0.9 0 0.1 0.1 0.1 0.5 0 0.8-0.2 2.3-0.6 5.6-1.6 1.1-0.3 1.3-0.4 2.3-0.4 0.8 0 1.1 0 2.3 0.2 1.5 0.2 3.5 0.2 4.9 0 5.1-0.6 9.3-2.9 11.4-6.3 0.5-0.9 0.9-1.8 1.1-2.8 0.1-0.5 0.2-1.1 0.2-1.6 0-0.7-0.1-1.1-0.2-1.6-0.3-1.4 0.1 0.5 0 0zM20.6 17.3c0 0.4-0.4 0.8-0.8 0.8h-7.7c-0.4 0-0.8-0.4-0.8-0.8v-4.6c0-0.4 0.4-0.8 0.8-0.8h0.2l0-1.6c0-0.9 0-1.8 0.1-2 0.1-0.6 0.6-1.2 1.1-1.7s1.1-0.7 1.9-0.8c1.8-0.3 3.7 0.7 4.2 2.2 0.1 0.3 0.1 0.7 0.1 2.1v0 1.7h0.1c0.4 0 0.8 0.4 0.8 0.8v4.6zM15.6 7.3c-0.5 0.1-0.8 0.3-1.2 0.6s-0.6 0.8-0.7 1.3c0 0.2 0 0.8 0 1.5l0 1.2h4.6v-1.3c0-1 0-1.4-0.1-1.6-0.3-1.1-1.5-1.9-2.6-1.7zM25.8 28.2c0 1.2-1 2.2-2.1 2.2s-2.1-1-2.1-2.1c0-1.2 1-2.1 2.2-2.1s2.2 1 2.2 2.2zM18.1 28.2c0 1.2-1 2.2-2.1 2.2s-2.1-1-2.1-2.1c0-1.2 1-2.1 2.2-2.1s2.2 1 2.2 2.2zM10.4 28.2c0 1.2-1 2.2-2.1 2.2s-2.1-1-2.1-2.1c0-1.2 1-2.1 2.2-2.1s2.2 1 2.2 2.2z\"\/><\/svg><\/span><span class=\"shariff-text\">teilen<\/span>&nbsp;<\/a><\/li><\/ul><\/div>","protected":false},"excerpt":{"rendered":"<p>Sondierungspapier, Kommentare und Pressestimmen (&#8230;) 2 KLIMASCHUTZ Hier k\u00f6nnen Sie das komplette Sondierungspapier einsehen.<\/p>\n<div class=\"shariff shariff-align-flex-start shariff-widget-align-flex-start\" data-services=\"facebook\" data-url=\"https%3A%2F%2Fwww.vernunftkraft-hessen.de%2Fwordpress%2F2021%2F10%2F17%2Fergebnis-der-sondierungen%2F\" data-timestamp=\"1635574126\" data-hidezero=\"1\" data-backendurl=\"https:\/\/www.vernunftkraft-hessen.de\/wordpress\/wp-json\/shariff\/v1\/share_counts?\"><div class=\"ShariffHeadline\">Diesen Beitrag teilen<\/div><ul class=\"shariff-buttons theme-color orientation-horizontal buttonsize-small\"><li class=\"shariff-button facebook shariff-nocustomcolor\" style=\"background-color:#4273c8\"><a href=\"https:\/\/www.facebook.com\/sharer\/sharer.php?u=https%3A%2F%2Fwww.vernunftkraft-hessen.de%2Fwordpress%2F2021%2F10%2F17%2Fergebnis-der-sondierungen%2F\" title=\"Bei Facebook teilen\" aria-label=\"Bei Facebook teilen\" role=\"button\" rel=\"nofollow\" class=\"shariff-link\" style=\"; background-color:#3b5998; color:#fff\" target=\"_blank\"><span class=\"shariff-icon\" style=\"\"><svg width=\"32px\" height=\"20px\" xmlns=\"http:\/\/www.w3.org\/2000\/svg\" viewBox=\"0 0 18 32\"><path fill=\"#3b5998\" d=\"M17.1 0.2v4.7h-2.8q-1.5 0-2.1 0.6t-0.5 1.9v3.4h5.2l-0.7 5.3h-4.5v13.6h-5.5v-13.6h-4.5v-5.3h4.5v-3.9q0-3.3 1.9-5.2t5-1.8q2.6 0 4.1 0.2z\"\/><\/svg><\/span><span class=\"shariff-text\">teilen<\/span>&nbsp;<span data-service=\"facebook\" style=\"color:#3b5998\" class=\"shariff-count shariff-hidezero\"><\/span>&nbsp;<\/a><\/li><li class=\"shariff-button whatsapp shariff-nocustomcolor\" style=\"background-color:#5cbe4a\"><a href=\"https:\/\/api.whatsapp.com\/send?text=https%3A%2F%2Fwww.vernunftkraft-hessen.de%2Fwordpress%2F2021%2F10%2F17%2Fergebnis-der-sondierungen%2F%20Ergebnis%20der%20Sondierungen%20zwischen%20SPD%2C%20B%C3%9CNDNIS%2090%2FDIE%20GR%C3%9CNEN%20und%20FDP\" title=\"Bei Whatsapp teilen\" aria-label=\"Bei Whatsapp teilen\" role=\"button\" rel=\"noopener nofollow\" class=\"shariff-link\" style=\"; background-color:#34af23; color:#fff\" target=\"_blank\"><span class=\"shariff-icon\" style=\"\"><svg width=\"32px\" height=\"20px\" xmlns=\"http:\/\/www.w3.org\/2000\/svg\" viewBox=\"0 0 32 32\"><path fill=\"#34af23\" d=\"M17.6 17.4q0.2 0 1.7 0.8t1.6 0.9q0 0.1 0 0.3 0 0.6-0.3 1.4-0.3 0.7-1.3 1.2t-1.8 0.5q-1 0-3.4-1.1-1.7-0.8-3-2.1t-2.6-3.3q-1.3-1.9-1.3-3.5v-0.1q0.1-1.6 1.3-2.8 0.4-0.4 0.9-0.4 0.1 0 0.3 0t0.3 0q0.3 0 0.5 0.1t0.3 0.5q0.1 0.4 0.6 1.6t0.4 1.3q0 0.4-0.6 1t-0.6 0.8q0 0.1 0.1 0.3 0.6 1.3 1.8 2.4 1 0.9 2.7 1.8 0.2 0.1 0.4 0.1 0.3 0 1-0.9t0.9-0.9zM14 26.9q2.3 0 4.3-0.9t3.6-2.4 2.4-3.6 0.9-4.3-0.9-4.3-2.4-3.6-3.6-2.4-4.3-0.9-4.3 0.9-3.6 2.4-2.4 3.6-0.9 4.3q0 3.6 2.1 6.6l-1.4 4.2 4.3-1.4q2.8 1.9 6.2 1.9zM14 2.2q2.7 0 5.2 1.1t4.3 2.9 2.9 4.3 1.1 5.2-1.1 5.2-2.9 4.3-4.3 2.9-5.2 1.1q-3.5 0-6.5-1.7l-7.4 2.4 2.4-7.2q-1.9-3.2-1.9-6.9 0-2.7 1.1-5.2t2.9-4.3 4.3-2.9 5.2-1.1z\"\/><\/svg><\/span><span class=\"shariff-text\">teilen<\/span>&nbsp;<\/a><\/li><li class=\"shariff-button threema shariff-nocustomcolor shariff-mobile\" style=\"background-color:#4fbc24\"><a href=\"threema:\/\/compose?text=Ergebnis%20der%20Sondierungen%20zwischen%20SPD%2C%20B%C3%9CNDNIS%2090%2FDIE%20GR%C3%9CNEN%20und%20FDP%20https%3A%2F%2Fwww.vernunftkraft-hessen.de%2Fwordpress%2F2021%2F10%2F17%2Fergebnis-der-sondierungen%2F\" title=\"Bei Threema teilen\" aria-label=\"Bei Threema teilen\" role=\"button\" rel=\"noopener nofollow\" class=\"shariff-link\" style=\"; background-color:#1f1f1f; color:#fff\" target=\"_blank\"><span class=\"shariff-icon\" style=\"\"><svg width=\"32px\" height=\"20px\" xmlns=\"http:\/\/www.w3.org\/2000\/svg\" viewBox=\"0 0 32 32\"><path fill=\"#1f1f1f\" d=\"M30.8 10.9c-0.3-1.4-0.9-2.6-1.8-3.8-2-2.6-5.5-4.5-9.4-5.2-1.3-0.2-1.9-0.3-3.5-0.3s-2.2 0-3.5 0.3c-4 0.7-7.4 2.6-9.4 5.2-0.9 1.2-1.5 2.4-1.8 3.8-0.1 0.5-0.2 1.2-0.2 1.6 0 0.4 0.1 1.1 0.2 1.6 0.4 1.9 1.3 3.4 2.9 5 0.8 0.8 0.8 0.8 0.7 1.3 0 0.6-0.5 1.6-1.7 3.6-0.3 0.5-0.5 0.9-0.5 0.9 0 0.1 0.1 0.1 0.5 0 0.8-0.2 2.3-0.6 5.6-1.6 1.1-0.3 1.3-0.4 2.3-0.4 0.8 0 1.1 0 2.3 0.2 1.5 0.2 3.5 0.2 4.9 0 5.1-0.6 9.3-2.9 11.4-6.3 0.5-0.9 0.9-1.8 1.1-2.8 0.1-0.5 0.2-1.1 0.2-1.6 0-0.7-0.1-1.1-0.2-1.6-0.3-1.4 0.1 0.5 0 0zM20.6 17.3c0 0.4-0.4 0.8-0.8 0.8h-7.7c-0.4 0-0.8-0.4-0.8-0.8v-4.6c0-0.4 0.4-0.8 0.8-0.8h0.2l0-1.6c0-0.9 0-1.8 0.1-2 0.1-0.6 0.6-1.2 1.1-1.7s1.1-0.7 1.9-0.8c1.8-0.3 3.7 0.7 4.2 2.2 0.1 0.3 0.1 0.7 0.1 2.1v0 1.7h0.1c0.4 0 0.8 0.4 0.8 0.8v4.6zM15.6 7.3c-0.5 0.1-0.8 0.3-1.2 0.6s-0.6 0.8-0.7 1.3c0 0.2 0 0.8 0 1.5l0 1.2h4.6v-1.3c0-1 0-1.4-0.1-1.6-0.3-1.1-1.5-1.9-2.6-1.7zM25.8 28.2c0 1.2-1 2.2-2.1 2.2s-2.1-1-2.1-2.1c0-1.2 1-2.1 2.2-2.1s2.2 1 2.2 2.2zM18.1 28.2c0 1.2-1 2.2-2.1 2.2s-2.1-1-2.1-2.1c0-1.2 1-2.1 2.2-2.1s2.2 1 2.2 2.2zM10.4 28.2c0 1.2-1 2.2-2.1 2.2s-2.1-1-2.1-2.1c0-1.2 1-2.1 2.2-2.1s2.2 1 2.2 2.2z\"\/><\/svg><\/span><span class=\"shariff-text\">teilen<\/span>&nbsp;<\/a><\/li><\/ul><\/div>","protected":false},"author":26,"featured_media":0,"comment_status":"closed","ping_status":"closed","sticky":false,"template":"","format":"standard","meta":{"footnotes":""},"categories":[222,457],"tags":[17,29,6,161],"class_list":["post-28558","post","type-post","status-publish","format-standard","hentry","category-energiepolitik","category-klimapolitik","tag-energiewende","tag-parteien","tag-politik","tag-wahlen"],"_links":{"self":[{"href":"https:\/\/www.vernunftkraft-hessen.de\/wordpress\/wp-json\/wp\/v2\/posts\/28558","targetHints":{"allow":["GET"]}}],"collection":[{"href":"https:\/\/www.vernunftkraft-hessen.de\/wordpress\/wp-json\/wp\/v2\/posts"}],"about":[{"href":"https:\/\/www.vernunftkraft-hessen.de\/wordpress\/wp-json\/wp\/v2\/types\/post"}],"author":[{"embeddable":true,"href":"https:\/\/www.vernunftkraft-hessen.de\/wordpress\/wp-json\/wp\/v2\/users\/26"}],"replies":[{"embeddable":true,"href":"https:\/\/www.vernunftkraft-hessen.de\/wordpress\/wp-json\/wp\/v2\/comments?post=28558"}],"version-history":[{"count":9,"href":"https:\/\/www.vernunftkraft-hessen.de\/wordpress\/wp-json\/wp\/v2\/posts\/28558\/revisions"}],"predecessor-version":[{"id":28654,"href":"https:\/\/www.vernunftkraft-hessen.de\/wordpress\/wp-json\/wp\/v2\/posts\/28558\/revisions\/28654"}],"wp:attachment":[{"href":"https:\/\/www.vernunftkraft-hessen.de\/wordpress\/wp-json\/wp\/v2\/media?parent=28558"}],"wp:term":[{"taxonomy":"category","embeddable":true,"href":"https:\/\/www.vernunftkraft-hessen.de\/wordpress\/wp-json\/wp\/v2\/categories?post=28558"},{"taxonomy":"post_tag","embeddable":true,"href":"https:\/\/www.vernunftkraft-hessen.de\/wordpress\/wp-json\/wp\/v2\/tags?post=28558"}],"curies":[{"name":"wp","href":"https:\/\/api.w.org\/{rel}","templated":true}]}}