{"id":29932,"date":"2021-12-13T02:40:58","date_gmt":"2021-12-13T01:40:58","guid":{"rendered":"http:\/\/www.vernunftkraft-hessen.de\/wordpress\/?p=29932"},"modified":"2021-12-13T02:41:45","modified_gmt":"2021-12-13T01:41:45","slug":"erkaltete-liebe-die-gruenen-opfern-den-artenschutz-fuer-den-windkraftausbau-te","status":"publish","type":"post","link":"https:\/\/www.vernunftkraft-hessen.de\/wordpress\/2021\/12\/13\/erkaltete-liebe-die-gruenen-opfern-den-artenschutz-fuer-den-windkraftausbau-te\/","title":{"rendered":"Erkaltete Liebe: Die Gr\u00fcnen opfern den Artenschutz f\u00fcr den Windkraftausbau | TE"},"content":{"rendered":"<blockquote><p><span style=\"font-size: 12pt;\"><strong>Vor kurzem wollten die Gr\u00fcnen noch, dass &#8220;jede Biene und jeder Schmetterling und jeder Vogel in diesem Land&#8221; sich auf sie verlassen k\u00f6nne. Doch die Liebe zum Weltklimaschutz ist gr\u00f6\u00dfer. Habecks Staatssekret\u00e4r Giegold macht klar, dass Windr\u00e4der vor Artenschutz gehen.<\/strong><\/span><\/p><\/blockquote>\n<p>Weiterlesen: <em><a href=\"https:\/\/www.tichyseinblick.de\/meinungen\/erkaltete-liebe-die-gruenen-opfern-den-artenschutz-fuer-den-windkraftausbau\/\" target=\"_blank\" rel=\"noopener noreferrer\">Erkaltete Liebe: Die Gr\u00fcnen opfern den Artenschutz f\u00fcr den Windkraftausbau<\/a><\/em><\/p>\n","protected":false},"excerpt":{"rendered":"<p>Vor kurzem wollten die Gr\u00fcnen noch, dass &#8220;jede Biene und jeder Schmetterling und jeder Vogel in diesem Land&#8221; sich auf sie verlassen k\u00f6nne. Doch die Liebe zum Weltklimaschutz ist gr\u00f6\u00dfer. Habecks Staatssekret\u00e4r Giegold macht klar, dass Windr\u00e4der vor Artenschutz gehen. Weiterlesen: Erkaltete Liebe: Die Gr\u00fcnen opfern den Artenschutz f\u00fcr den Windkraftausbau<\/p>\n","protected":false},"author":26,"featured_media":0,"comment_status":"closed","ping_status":"closed","sticky":false,"template":"","format":"standard","meta":{"footnotes":""},"categories":[222],"tags":[81,299,29,6,49],"class_list":["post-29932","post","type-post","status-publish","format-standard","hentry","category-energiepolitik","tag-artenschutz","tag-klimapolitik","tag-parteien","tag-politik","tag-zubau"],"_links":{"self":[{"href":"https:\/\/www.vernunftkraft-hessen.de\/wordpress\/wp-json\/wp\/v2\/posts\/29932","targetHints":{"allow":["GET"]}}],"collection":[{"href":"https:\/\/www.vernunftkraft-hessen.de\/wordpress\/wp-json\/wp\/v2\/posts"}],"about":[{"href":"https:\/\/www.vernunftkraft-hessen.de\/wordpress\/wp-json\/wp\/v2\/types\/post"}],"author":[{"embeddable":true,"href":"https:\/\/www.vernunftkraft-hessen.de\/wordpress\/wp-json\/wp\/v2\/users\/26"}],"replies":[{"embeddable":true,"href":"https:\/\/www.vernunftkraft-hessen.de\/wordpress\/wp-json\/wp\/v2\/comments?post=29932"}],"version-history":[{"count":2,"href":"https:\/\/www.vernunftkraft-hessen.de\/wordpress\/wp-json\/wp\/v2\/posts\/29932\/revisions"}],"predecessor-version":[{"id":29934,"href":"https:\/\/www.vernunftkraft-hessen.de\/wordpress\/wp-json\/wp\/v2\/posts\/29932\/revisions\/29934"}],"wp:attachment":[{"href":"https:\/\/www.vernunftkraft-hessen.de\/wordpress\/wp-json\/wp\/v2\/media?parent=29932"}],"wp:term":[{"taxonomy":"category","embeddable":true,"href":"https:\/\/www.vernunftkraft-hessen.de\/wordpress\/wp-json\/wp\/v2\/categories?post=29932"},{"taxonomy":"post_tag","embeddable":true,"href":"https:\/\/www.vernunftkraft-hessen.de\/wordpress\/wp-json\/wp\/v2\/tags?post=29932"}],"curies":[{"name":"wp","href":"https:\/\/api.w.org\/{rel}","templated":true}]}}