{"id":30430,"date":"2022-01-11T01:24:10","date_gmt":"2022-01-11T00:24:10","guid":{"rendered":"http:\/\/www.vernunftkraft-hessen.de\/wordpress\/?p=30430"},"modified":"2022-01-11T01:25:40","modified_gmt":"2022-01-11T00:25:40","slug":"bekannter-umweltschuetzer-gegen-windkraft-wald-dafuer-aufzureissen-ist-aberwitzig-merkur-de","status":"publish","type":"post","link":"https:\/\/www.vernunftkraft-hessen.de\/wordpress\/2022\/01\/11\/bekannter-umweltschuetzer-gegen-windkraft-wald-dafuer-aufzureissen-ist-aberwitzig-merkur-de\/","title":{"rendered":"Bekannter Umweltsch\u00fctzer gegen Windkraft: Wald daf\u00fcr aufzurei\u00dfen \u201eist aberwitzig\u201c | Merkur.de"},"content":{"rendered":"<blockquote><p><span style=\"font-size: 12pt;\"><strong>Windkraft ist nicht gleich Klima- und Umweltschutz. Diese Formel vertritt der Biologe und Natursch\u00fctzer Wolfgang Epple.<\/strong><\/span><\/p><\/blockquote>\n<p>Weiterlesen: <em><a href=\"https:\/\/www.merkur.de\/lokales\/ebersberg\/windkraft-ist-nicht-gleich-klima-und-umweltschutz-91222261.amp.html\" target=\"_blank\" rel=\"noopener noreferrer\">Bekannter Umweltsch\u00fctzer gegen Windkraft: Wald daf\u00fcr aufzurei\u00dfen \u201eist aberwitzig\u201c | Ebersberg<\/a><\/em><\/p>\n","protected":false},"excerpt":{"rendered":"<p>Windkraft ist nicht gleich Klima- und Umweltschutz. Diese Formel vertritt der Biologe und Natursch\u00fctzer Wolfgang Epple. Weiterlesen: Bekannter Umweltsch\u00fctzer gegen Windkraft: Wald daf\u00fcr aufzurei\u00dfen \u201eist aberwitzig\u201c | Ebersberg<\/p>\n","protected":false},"author":26,"featured_media":0,"comment_status":"closed","ping_status":"closed","sticky":false,"template":"","format":"standard","meta":{"footnotes":""},"categories":[72],"tags":[81,445,41,42],"class_list":["post-30430","post","type-post","status-publish","format-standard","hentry","category-natur","tag-artenschutz","tag-naturschutz","tag-rodung","tag-wald"],"_links":{"self":[{"href":"https:\/\/www.vernunftkraft-hessen.de\/wordpress\/wp-json\/wp\/v2\/posts\/30430","targetHints":{"allow":["GET"]}}],"collection":[{"href":"https:\/\/www.vernunftkraft-hessen.de\/wordpress\/wp-json\/wp\/v2\/posts"}],"about":[{"href":"https:\/\/www.vernunftkraft-hessen.de\/wordpress\/wp-json\/wp\/v2\/types\/post"}],"author":[{"embeddable":true,"href":"https:\/\/www.vernunftkraft-hessen.de\/wordpress\/wp-json\/wp\/v2\/users\/26"}],"replies":[{"embeddable":true,"href":"https:\/\/www.vernunftkraft-hessen.de\/wordpress\/wp-json\/wp\/v2\/comments?post=30430"}],"version-history":[{"count":2,"href":"https:\/\/www.vernunftkraft-hessen.de\/wordpress\/wp-json\/wp\/v2\/posts\/30430\/revisions"}],"predecessor-version":[{"id":30432,"href":"https:\/\/www.vernunftkraft-hessen.de\/wordpress\/wp-json\/wp\/v2\/posts\/30430\/revisions\/30432"}],"wp:attachment":[{"href":"https:\/\/www.vernunftkraft-hessen.de\/wordpress\/wp-json\/wp\/v2\/media?parent=30430"}],"wp:term":[{"taxonomy":"category","embeddable":true,"href":"https:\/\/www.vernunftkraft-hessen.de\/wordpress\/wp-json\/wp\/v2\/categories?post=30430"},{"taxonomy":"post_tag","embeddable":true,"href":"https:\/\/www.vernunftkraft-hessen.de\/wordpress\/wp-json\/wp\/v2\/tags?post=30430"}],"curies":[{"name":"wp","href":"https:\/\/api.w.org\/{rel}","templated":true}]}}