{"id":30459,"date":"2022-01-11T06:09:37","date_gmt":"2022-01-11T05:09:37","guid":{"rendered":"http:\/\/www.vernunftkraft-hessen.de\/wordpress\/?p=30459"},"modified":"2022-01-11T06:11:37","modified_gmt":"2022-01-11T05:11:37","slug":"tuev-zweifelt-an-sicherheit-von-windraedern-dr-rene-sternke","status":"publish","type":"post","link":"https:\/\/www.vernunftkraft-hessen.de\/wordpress\/2022\/01\/11\/tuev-zweifelt-an-sicherheit-von-windraedern-dr-rene-sternke\/","title":{"rendered":"T\u00dcV zweifelt an Sicherheit von Windr\u00e4dern | Dr. Ren\u00e9 Sternke"},"content":{"rendered":"<blockquote><p><span style=\"font-size: 12pt;\"><strong>Der Nordkurier hat am 10. Januar 2022 einen Beitrag unter dem Titel \u201eBrandgef\u00e4hrlich? T\u00dcV zweifelt an Sicherheit von Windr\u00e4dern\u201c ver\u00f6ffentlicht. Ein T\u00dcV f\u00fcr Windr\u00e4der wird seit Jahren immer wiederveregeblich gefordert.<\/strong><\/span><\/p><\/blockquote>\n<p>Weiterlesen: <em><a href=\"https:\/\/sternkekandidatkreistagvg.wordpress.com\/2022\/01\/10\/tuv-zweifelt-an-sicherheit-von-windradern\/\" target=\"_blank\" rel=\"noopener noreferrer\">T\u00dcV zweifelt an Sicherheit von Windr\u00e4dern | Dr. Ren\u00e9 Sternke<\/a><\/em><\/p>\n","protected":false},"excerpt":{"rendered":"<p>Der Nordkurier hat am 10. Januar 2022 einen Beitrag unter dem Titel \u201eBrandgef\u00e4hrlich? T\u00dcV zweifelt an Sicherheit von Windr\u00e4dern\u201c ver\u00f6ffentlicht. Ein T\u00dcV f\u00fcr Windr\u00e4der wird seit Jahren immer wiederveregeblich gefordert. Weiterlesen: T\u00dcV zweifelt an Sicherheit von Windr\u00e4dern | Dr. Ren\u00e9 Sternke<\/p>\n","protected":false},"author":26,"featured_media":0,"comment_status":"closed","ping_status":"closed","sticky":false,"template":"","format":"standard","meta":{"footnotes":""},"categories":[156],"tags":[315,69,493],"class_list":["post-30459","post","type-post","status-publish","format-standard","hentry","category-unfaelle","tag-tuev","tag-unfaelle","tag-wka"],"_links":{"self":[{"href":"https:\/\/www.vernunftkraft-hessen.de\/wordpress\/wp-json\/wp\/v2\/posts\/30459","targetHints":{"allow":["GET"]}}],"collection":[{"href":"https:\/\/www.vernunftkraft-hessen.de\/wordpress\/wp-json\/wp\/v2\/posts"}],"about":[{"href":"https:\/\/www.vernunftkraft-hessen.de\/wordpress\/wp-json\/wp\/v2\/types\/post"}],"author":[{"embeddable":true,"href":"https:\/\/www.vernunftkraft-hessen.de\/wordpress\/wp-json\/wp\/v2\/users\/26"}],"replies":[{"embeddable":true,"href":"https:\/\/www.vernunftkraft-hessen.de\/wordpress\/wp-json\/wp\/v2\/comments?post=30459"}],"version-history":[{"count":3,"href":"https:\/\/www.vernunftkraft-hessen.de\/wordpress\/wp-json\/wp\/v2\/posts\/30459\/revisions"}],"predecessor-version":[{"id":30462,"href":"https:\/\/www.vernunftkraft-hessen.de\/wordpress\/wp-json\/wp\/v2\/posts\/30459\/revisions\/30462"}],"wp:attachment":[{"href":"https:\/\/www.vernunftkraft-hessen.de\/wordpress\/wp-json\/wp\/v2\/media?parent=30459"}],"wp:term":[{"taxonomy":"category","embeddable":true,"href":"https:\/\/www.vernunftkraft-hessen.de\/wordpress\/wp-json\/wp\/v2\/categories?post=30459"},{"taxonomy":"post_tag","embeddable":true,"href":"https:\/\/www.vernunftkraft-hessen.de\/wordpress\/wp-json\/wp\/v2\/tags?post=30459"}],"curies":[{"name":"wp","href":"https:\/\/api.w.org\/{rel}","templated":true}]}}