{"id":32037,"date":"2022-04-02T03:01:45","date_gmt":"2022-04-02T01:01:45","guid":{"rendered":"http:\/\/www.vernunftkraft-hessen.de\/wordpress\/?p=32037"},"modified":"2022-04-02T05:02:41","modified_gmt":"2022-04-02T03:02:41","slug":"klartext-der-wirtschaftsweisen-lasst-die-akw-am-netz-wirtschaft-bild-de","status":"publish","type":"post","link":"https:\/\/www.vernunftkraft-hessen.de\/wordpress\/2022\/04\/02\/klartext-der-wirtschaftsweisen-lasst-die-akw-am-netz-wirtschaft-bild-de\/","title":{"rendered":"Klartext der Wirtschaftsweisen &#8211; Lasst die AKW am Netz! &#8211; Wirtschaft &#8211; Bild.de"},"content":{"rendered":"<blockquote><p><span style=\"font-size: 12pt;\"><strong>Am fr\u00fchen Mittwochmorgen aktivierte Bundeswirtschaftsminister Robert Habeck (52, Gr\u00fcne) wegen der drohenden Verschlechterung der Versorgungslage die Fr\u00fchwarnstufe des sogenannten Notfallplans Gas.<\/strong><\/span><\/p>\n<p><span style=\"font-size: 12pt;\"><strong>BILD fragte bei den Wirtschaftsweisen nach Und die sagten klar: JA! Lasst die Kernkraftwerke l\u00e4nger am Netz!<\/strong><\/span><\/p><\/blockquote>\n<p>Alles lesen: <em><a href=\"https:\/\/www.bild.de\/geld\/wirtschaft\/wirtschaft\/wirtschaftsweise-appellieren-an-regierung-lasst-die-akw-am-netz-79614468.bild.html?fbclid=IwAR2ZE_SXvavAtXvQGTPVPmItDydr54fQH3B-5reIfpkNaMEbYUGL2xhp27c\" target=\"_blank\" rel=\"noopener noreferrer\">Klartext der Wirtschaftsweisen &#8211; Lasst die AKW am Netz! &#8211; Wirtschaft &#8211; Bild.de<\/a><\/em><\/p>\n","protected":false},"excerpt":{"rendered":"<p>Am fr\u00fchen Mittwochmorgen aktivierte Bundeswirtschaftsminister Robert Habeck (52, Gr\u00fcne) wegen der drohenden Verschlechterung der Versorgungslage die Fr\u00fchwarnstufe des sogenannten Notfallplans Gas. BILD fragte bei den Wirtschaftsweisen nach Und die sagten klar: JA! Lasst die Kernkraftwerke l\u00e4nger am Netz! Alles lesen: Klartext der Wirtschaftsweisen &#8211; Lasst die AKW am Netz! &#8211; Wirtschaft &#8211; Bild.de<\/p>\n","protected":false},"author":26,"featured_media":0,"comment_status":"closed","ping_status":"closed","sticky":false,"template":"","format":"standard","meta":{"footnotes":""},"categories":[222],"tags":[142,175,275,250],"class_list":["post-32037","post","type-post","status-publish","format-standard","hentry","category-energiepolitik","tag-atomausstieg","tag-energiepolitik","tag-kernenergie","tag-versorgungssicherheit"],"_links":{"self":[{"href":"https:\/\/www.vernunftkraft-hessen.de\/wordpress\/wp-json\/wp\/v2\/posts\/32037","targetHints":{"allow":["GET"]}}],"collection":[{"href":"https:\/\/www.vernunftkraft-hessen.de\/wordpress\/wp-json\/wp\/v2\/posts"}],"about":[{"href":"https:\/\/www.vernunftkraft-hessen.de\/wordpress\/wp-json\/wp\/v2\/types\/post"}],"author":[{"embeddable":true,"href":"https:\/\/www.vernunftkraft-hessen.de\/wordpress\/wp-json\/wp\/v2\/users\/26"}],"replies":[{"embeddable":true,"href":"https:\/\/www.vernunftkraft-hessen.de\/wordpress\/wp-json\/wp\/v2\/comments?post=32037"}],"version-history":[{"count":2,"href":"https:\/\/www.vernunftkraft-hessen.de\/wordpress\/wp-json\/wp\/v2\/posts\/32037\/revisions"}],"predecessor-version":[{"id":32039,"href":"https:\/\/www.vernunftkraft-hessen.de\/wordpress\/wp-json\/wp\/v2\/posts\/32037\/revisions\/32039"}],"wp:attachment":[{"href":"https:\/\/www.vernunftkraft-hessen.de\/wordpress\/wp-json\/wp\/v2\/media?parent=32037"}],"wp:term":[{"taxonomy":"category","embeddable":true,"href":"https:\/\/www.vernunftkraft-hessen.de\/wordpress\/wp-json\/wp\/v2\/categories?post=32037"},{"taxonomy":"post_tag","embeddable":true,"href":"https:\/\/www.vernunftkraft-hessen.de\/wordpress\/wp-json\/wp\/v2\/tags?post=32037"}],"curies":[{"name":"wp","href":"https:\/\/api.w.org\/{rel}","templated":true}]}}