{"id":33547,"date":"2022-06-27T02:50:14","date_gmt":"2022-06-27T00:50:14","guid":{"rendered":"http:\/\/www.vernunftkraft-hessen.de\/wordpress\/?p=33547"},"modified":"2022-06-27T02:50:44","modified_gmt":"2022-06-27T00:50:44","slug":"un-dekade-zur-wiederherstellung-von-oekosystemen-bmuv","status":"publish","type":"post","link":"https:\/\/www.vernunftkraft-hessen.de\/wordpress\/2022\/06\/27\/un-dekade-zur-wiederherstellung-von-oekosystemen-bmuv\/","title":{"rendered":"UN Dekade zur Wiederherstellung von \u00d6kosystemen | BMUV"},"content":{"rendered":"<blockquote><p><span style=\"font-size: 12pt;\"><strong>Die UN-Dekade f\u00fcr die Wiederherstellung von \u00d6kosystemen hat im Juni 2021 begonnen. Mit dem Querschnittsthema Renaturierung beziehungsweise Wiederherstellung b\u00fcndelt sie Anliegen des Biodiversit\u00e4t-, Klima- und Bodenschutzes und tr\u00e4gt zus\u00e4tzlich weltweit zu nachhaltiger Entwicklung bei.<\/strong><\/span><\/p><\/blockquote>\n<p>Weiterlesen: <em><a href=\"https:\/\/www.bmuv.de\/themen\/naturschutz-artenvielfalt\/naturschutz-biologische-vielfalt\/allgemeines-\/-strategien\/un-dekade-zur-wiederherstellung-von-oekosystemen\" target=\"_blank\" rel=\"noopener noreferrer\">UN Dekade zur Wiederherstellung von \u00d6kosystemen | BMUV<\/a><\/em><\/p>\n","protected":false},"excerpt":{"rendered":"<p>Die UN-Dekade f\u00fcr die Wiederherstellung von \u00d6kosystemen hat im Juni 2021 begonnen. Mit dem Querschnittsthema Renaturierung beziehungsweise Wiederherstellung b\u00fcndelt sie Anliegen des Biodiversit\u00e4t-, Klima- und Bodenschutzes und tr\u00e4gt zus\u00e4tzlich weltweit zu nachhaltiger Entwicklung bei. Weiterlesen: UN Dekade zur Wiederherstellung von \u00d6kosystemen | BMUV<\/p>\n","protected":false},"author":26,"featured_media":0,"comment_status":"closed","ping_status":"closed","sticky":false,"template":"","format":"standard","meta":{"footnotes":""},"categories":[1],"tags":[464,741,253,717],"class_list":["post-33547","post","type-post","status-publish","format-standard","hentry","category-allgemein","tag-biodiversitaet","tag-bodenschutz","tag-klimaschutz","tag-un"],"_links":{"self":[{"href":"https:\/\/www.vernunftkraft-hessen.de\/wordpress\/wp-json\/wp\/v2\/posts\/33547","targetHints":{"allow":["GET"]}}],"collection":[{"href":"https:\/\/www.vernunftkraft-hessen.de\/wordpress\/wp-json\/wp\/v2\/posts"}],"about":[{"href":"https:\/\/www.vernunftkraft-hessen.de\/wordpress\/wp-json\/wp\/v2\/types\/post"}],"author":[{"embeddable":true,"href":"https:\/\/www.vernunftkraft-hessen.de\/wordpress\/wp-json\/wp\/v2\/users\/26"}],"replies":[{"embeddable":true,"href":"https:\/\/www.vernunftkraft-hessen.de\/wordpress\/wp-json\/wp\/v2\/comments?post=33547"}],"version-history":[{"count":2,"href":"https:\/\/www.vernunftkraft-hessen.de\/wordpress\/wp-json\/wp\/v2\/posts\/33547\/revisions"}],"predecessor-version":[{"id":33549,"href":"https:\/\/www.vernunftkraft-hessen.de\/wordpress\/wp-json\/wp\/v2\/posts\/33547\/revisions\/33549"}],"wp:attachment":[{"href":"https:\/\/www.vernunftkraft-hessen.de\/wordpress\/wp-json\/wp\/v2\/media?parent=33547"}],"wp:term":[{"taxonomy":"category","embeddable":true,"href":"https:\/\/www.vernunftkraft-hessen.de\/wordpress\/wp-json\/wp\/v2\/categories?post=33547"},{"taxonomy":"post_tag","embeddable":true,"href":"https:\/\/www.vernunftkraft-hessen.de\/wordpress\/wp-json\/wp\/v2\/tags?post=33547"}],"curies":[{"name":"wp","href":"https:\/\/api.w.org\/{rel}","templated":true}]}}