{"id":34549,"date":"2022-08-16T02:45:40","date_gmt":"2022-08-16T00:45:40","guid":{"rendered":"http:\/\/www.vernunftkraft-hessen.de\/wordpress\/?p=34549"},"modified":"2022-08-16T02:46:52","modified_gmt":"2022-08-16T00:46:52","slug":"bayern-schleift-denkmalschutz-fuer-die-energiewende-te","status":"publish","type":"post","link":"https:\/\/www.vernunftkraft-hessen.de\/wordpress\/2022\/08\/16\/bayern-schleift-denkmalschutz-fuer-die-energiewende-te\/","title":{"rendered":"Bayern schleift Denkmalschutz f\u00fcr die Energiewende | TE"},"content":{"rendered":"<p>Von Georg Etscheit<\/p>\n<blockquote><p><span style=\"font-size: 12pt;\"><strong>Bislang spielte der Denkmalschutz bei der Genehmigung von Windr\u00e4dern und Solaranlagen nur eine untergeordnete Rolle. Das k\u00f6nnte sich \u00e4ndern, wenn Deutschland nun fl\u00e4chendeckend mit solchen Industriebauten \u00fcberzogen wird. Vorsorglich will Bayern schon mal das Denkmalschutzgesetz \u00e4ndern.<\/strong><\/span><\/p><\/blockquote>\n<blockquote class=\"wp-embedded-content\" data-secret=\"ZfXURlaHPb\"><p><a href=\"https:\/\/www.tichyseinblick.de\/gastbeitrag\/windraeder-denkmalschutzgesetz-bayern\/\">Bayern schleift Denkmalschutz f\u00fcr die Energiewende<\/a><\/p><\/blockquote>\n<p><iframe loading=\"lazy\" class=\"wp-embedded-content\" sandbox=\"allow-scripts\" security=\"restricted\" style=\"position: absolute; clip: rect(1px, 1px, 1px, 1px);\" src=\"https:\/\/www.tichyseinblick.de\/gastbeitrag\/windraeder-denkmalschutzgesetz-bayern\/embed\/#?secret=ZfXURlaHPb\" data-secret=\"ZfXURlaHPb\" width=\"600\" height=\"338\" title=\"&#8222;Bayern schleift Denkmalschutz f\u00fcr die Energiewende&#8220; &#8212; Tichys Einblick\" frameborder=\"0\" marginwidth=\"0\" marginheight=\"0\" scrolling=\"no\"><\/iframe><\/p>\n<p>Weiterlesen: <em><a href=\"https:\/\/www.tichyseinblick.de\/gastbeitrag\/windraeder-denkmalschutzgesetz-bayern\/?fbclid=IwAR01lyM1gmQ-kO-J7UifISo7GfHiekoTSAoRr_X3zuBvnF8qkWlGyAolhAU\" target=\"_blank\" rel=\"noopener noreferrer\">Bayern schleift Denkmalschutz f\u00fcr die Energiewende<\/a><\/em><\/p>\n","protected":false},"excerpt":{"rendered":"<p>Von Georg Etscheit Bislang spielte der Denkmalschutz bei der Genehmigung von Windr\u00e4dern und Solaranlagen nur eine untergeordnete Rolle. Das k\u00f6nnte sich \u00e4ndern, wenn Deutschland nun fl\u00e4chendeckend mit solchen Industriebauten \u00fcberzogen wird. Vorsorglich will Bayern schon mal das Denkmalschutzgesetz \u00e4ndern. Bayern schleift Denkmalschutz f\u00fcr die Energiewende Weiterlesen: Bayern schleift Denkmalschutz f\u00fcr die Energiewende<\/p>\n","protected":false},"author":26,"featured_media":0,"comment_status":"closed","ping_status":"closed","sticky":false,"template":"","format":"standard","meta":{"footnotes":""},"categories":[222],"tags":[349,94,175],"class_list":["post-34549","post","type-post","status-publish","format-standard","hentry","category-energiepolitik","tag-bundeslaender","tag-denkmalschutz","tag-energiepolitik"],"_links":{"self":[{"href":"https:\/\/www.vernunftkraft-hessen.de\/wordpress\/wp-json\/wp\/v2\/posts\/34549","targetHints":{"allow":["GET"]}}],"collection":[{"href":"https:\/\/www.vernunftkraft-hessen.de\/wordpress\/wp-json\/wp\/v2\/posts"}],"about":[{"href":"https:\/\/www.vernunftkraft-hessen.de\/wordpress\/wp-json\/wp\/v2\/types\/post"}],"author":[{"embeddable":true,"href":"https:\/\/www.vernunftkraft-hessen.de\/wordpress\/wp-json\/wp\/v2\/users\/26"}],"replies":[{"embeddable":true,"href":"https:\/\/www.vernunftkraft-hessen.de\/wordpress\/wp-json\/wp\/v2\/comments?post=34549"}],"version-history":[{"count":3,"href":"https:\/\/www.vernunftkraft-hessen.de\/wordpress\/wp-json\/wp\/v2\/posts\/34549\/revisions"}],"predecessor-version":[{"id":34552,"href":"https:\/\/www.vernunftkraft-hessen.de\/wordpress\/wp-json\/wp\/v2\/posts\/34549\/revisions\/34552"}],"wp:attachment":[{"href":"https:\/\/www.vernunftkraft-hessen.de\/wordpress\/wp-json\/wp\/v2\/media?parent=34549"}],"wp:term":[{"taxonomy":"category","embeddable":true,"href":"https:\/\/www.vernunftkraft-hessen.de\/wordpress\/wp-json\/wp\/v2\/categories?post=34549"},{"taxonomy":"post_tag","embeddable":true,"href":"https:\/\/www.vernunftkraft-hessen.de\/wordpress\/wp-json\/wp\/v2\/tags?post=34549"}],"curies":[{"name":"wp","href":"https:\/\/api.w.org\/{rel}","templated":true}]}}