{"id":35785,"date":"2022-11-18T22:34:30","date_gmt":"2022-11-18T21:34:30","guid":{"rendered":"http:\/\/www.vernunftkraft-hessen.de\/wordpress\/?p=35785"},"modified":"2022-11-18T22:35:07","modified_gmt":"2022-11-18T21:35:07","slug":"ist-die-rhoen-bald-kein-land-der-offenen-fernen-mehr-osthessennews","status":"publish","type":"post","link":"https:\/\/www.vernunftkraft-hessen.de\/wordpress\/2022\/11\/18\/ist-die-rhoen-bald-kein-land-der-offenen-fernen-mehr-osthessennews\/","title":{"rendered":"Ist die Rh\u00f6n bald kein &#8220;Land der offenen Fernen&#8221; mehr? &#8211; Osthessen|News"},"content":{"rendered":"<blockquote><p><span style=\"font-size: 12pt;\"><strong>In Zeichen von Energie- und Klimakrise ger\u00e4t auch der Ausbau von Windkraftanlagen verst\u00e4rkt in den Fokus der \u00dcberlegungen. Dabei gibt es in unserem Nachbarbundesland Th\u00fcringen aktuell heftige Diskussionen \u00fcber eine neue Verordnung zum Unesco-Biosph\u00e4renreservat Rh\u00f6n. Diese weist nach Ansicht des &#8220;Rh\u00f6nforums&#8221; gravierende M\u00e4ngel auf. Besonders dem Bau von Windkraftanlagen in der Schutzzone wird eine klare Absage erteilt.<\/strong><\/span><\/p><\/blockquote>\n<p>Weiterlesen: <em><a href=\"https:\/\/osthessen-news.de\/n11720791\/ist-die-rhoen-bald-kein-land-der-offenen-fernen-mehr.html\" target=\"_blank\" rel=\"noopener noreferrer\">Ist die Rh\u00f6n bald kein &#8220;Land der offenen Fernen&#8221; mehr? &#8211; Osthessen|News<\/a><\/em><\/p>\n","protected":false},"excerpt":{"rendered":"<p>In Zeichen von Energie- und Klimakrise ger\u00e4t auch der Ausbau von Windkraftanlagen verst\u00e4rkt in den Fokus der \u00dcberlegungen. Dabei gibt es in unserem Nachbarbundesland Th\u00fcringen aktuell heftige Diskussionen \u00fcber eine neue Verordnung zum Unesco-Biosph\u00e4renreservat Rh\u00f6n. Diese weist nach Ansicht des &#8220;Rh\u00f6nforums&#8221; gravierende M\u00e4ngel auf. Besonders dem Bau von Windkraftanlagen in der Schutzzone wird eine klare &hellip; <a href=\"https:\/\/www.vernunftkraft-hessen.de\/wordpress\/2022\/11\/18\/ist-die-rhoen-bald-kein-land-der-offenen-fernen-mehr-osthessennews\/\" class=\"more-link\"><span class=\"screen-reader-text\">\u201eIst die Rh\u00f6n bald kein &#8220;Land der offenen Fernen&#8221; mehr? &#8211; Osthessen|News\u201c<\/span> weiterlesen<\/a><\/p>\n","protected":false},"author":26,"featured_media":0,"comment_status":"closed","ping_status":"closed","sticky":false,"template":"","format":"standard","meta":{"footnotes":""},"categories":[98],"tags":[175,76,34,42,43,49],"class_list":["post-35785","post","type-post","status-publish","format-standard","hentry","category-zubau","tag-energiepolitik","tag-landschaft","tag-natur","tag-wald","tag-zerstoerung","tag-zubau"],"_links":{"self":[{"href":"https:\/\/www.vernunftkraft-hessen.de\/wordpress\/wp-json\/wp\/v2\/posts\/35785","targetHints":{"allow":["GET"]}}],"collection":[{"href":"https:\/\/www.vernunftkraft-hessen.de\/wordpress\/wp-json\/wp\/v2\/posts"}],"about":[{"href":"https:\/\/www.vernunftkraft-hessen.de\/wordpress\/wp-json\/wp\/v2\/types\/post"}],"author":[{"embeddable":true,"href":"https:\/\/www.vernunftkraft-hessen.de\/wordpress\/wp-json\/wp\/v2\/users\/26"}],"replies":[{"embeddable":true,"href":"https:\/\/www.vernunftkraft-hessen.de\/wordpress\/wp-json\/wp\/v2\/comments?post=35785"}],"version-history":[{"count":2,"href":"https:\/\/www.vernunftkraft-hessen.de\/wordpress\/wp-json\/wp\/v2\/posts\/35785\/revisions"}],"predecessor-version":[{"id":35787,"href":"https:\/\/www.vernunftkraft-hessen.de\/wordpress\/wp-json\/wp\/v2\/posts\/35785\/revisions\/35787"}],"wp:attachment":[{"href":"https:\/\/www.vernunftkraft-hessen.de\/wordpress\/wp-json\/wp\/v2\/media?parent=35785"}],"wp:term":[{"taxonomy":"category","embeddable":true,"href":"https:\/\/www.vernunftkraft-hessen.de\/wordpress\/wp-json\/wp\/v2\/categories?post=35785"},{"taxonomy":"post_tag","embeddable":true,"href":"https:\/\/www.vernunftkraft-hessen.de\/wordpress\/wp-json\/wp\/v2\/tags?post=35785"}],"curies":[{"name":"wp","href":"https:\/\/api.w.org\/{rel}","templated":true}]}}