{"id":35905,"date":"2022-12-02T02:04:38","date_gmt":"2022-12-02T01:04:38","guid":{"rendered":"http:\/\/www.vernunftkraft-hessen.de\/wordpress\/?p=35905"},"modified":"2022-12-02T02:06:08","modified_gmt":"2022-12-02T01:06:08","slug":"wie-veraendern-offshore-windparks-die-nordsee-kalte-sonne","status":"publish","type":"post","link":"https:\/\/www.vernunftkraft-hessen.de\/wordpress\/2022\/12\/02\/wie-veraendern-offshore-windparks-die-nordsee-kalte-sonne\/","title":{"rendered":"Wie ver\u00e4ndern Offshore-Windparks die Nordsee? \u2013 Kalte Sonne"},"content":{"rendered":"<blockquote><p><span style=\"font-size: 12pt;\"><strong>Nach einer <a href=\"https:\/\/www.nature.com\/articles\/s43247-022-00625-0\" target=\"_blank\" rel=\"noopener noreferrer\">Studie<\/a>, die am 24.11.2022 bei nature erschien, k\u00f6nnten die Auswirkungen gr\u00f6\u00dfer sein als bisher gedacht. Aus dem \u00fcbersetzten Abstract der Studie.<\/strong><\/span><\/p><\/blockquote>\n<p>Quelle: <em><a href=\"https:\/\/kaltesonne.de\/wie-veraendern-offshore-windparks-die-nordsee\/\" target=\"_blank\" rel=\"noopener noreferrer\">Wie ver\u00e4ndern Offshore-Windparks die Nordsee? \u2013 Kalte Sonne<\/a><\/em><\/p>\n","protected":false},"excerpt":{"rendered":"<p>Nach einer Studie, die am 24.11.2022 bei nature erschien, k\u00f6nnten die Auswirkungen gr\u00f6\u00dfer sein als bisher gedacht. Aus dem \u00fcbersetzten Abstract der Studie. Quelle: Wie ver\u00e4ndern Offshore-Windparks die Nordsee? \u2013 Kalte Sonne<\/p>\n","protected":false},"author":26,"featured_media":0,"comment_status":"closed","ping_status":"closed","sticky":false,"template":"","format":"standard","meta":{"footnotes":""},"categories":[222],"tags":[34,244,36,93,84],"class_list":["post-35905","post","type-post","status-publish","format-standard","hentry","category-energiepolitik","tag-natur","tag-offshore","tag-stromversorgung","tag-studie","tag-umwelt"],"_links":{"self":[{"href":"https:\/\/www.vernunftkraft-hessen.de\/wordpress\/wp-json\/wp\/v2\/posts\/35905","targetHints":{"allow":["GET"]}}],"collection":[{"href":"https:\/\/www.vernunftkraft-hessen.de\/wordpress\/wp-json\/wp\/v2\/posts"}],"about":[{"href":"https:\/\/www.vernunftkraft-hessen.de\/wordpress\/wp-json\/wp\/v2\/types\/post"}],"author":[{"embeddable":true,"href":"https:\/\/www.vernunftkraft-hessen.de\/wordpress\/wp-json\/wp\/v2\/users\/26"}],"replies":[{"embeddable":true,"href":"https:\/\/www.vernunftkraft-hessen.de\/wordpress\/wp-json\/wp\/v2\/comments?post=35905"}],"version-history":[{"count":3,"href":"https:\/\/www.vernunftkraft-hessen.de\/wordpress\/wp-json\/wp\/v2\/posts\/35905\/revisions"}],"predecessor-version":[{"id":35908,"href":"https:\/\/www.vernunftkraft-hessen.de\/wordpress\/wp-json\/wp\/v2\/posts\/35905\/revisions\/35908"}],"wp:attachment":[{"href":"https:\/\/www.vernunftkraft-hessen.de\/wordpress\/wp-json\/wp\/v2\/media?parent=35905"}],"wp:term":[{"taxonomy":"category","embeddable":true,"href":"https:\/\/www.vernunftkraft-hessen.de\/wordpress\/wp-json\/wp\/v2\/categories?post=35905"},{"taxonomy":"post_tag","embeddable":true,"href":"https:\/\/www.vernunftkraft-hessen.de\/wordpress\/wp-json\/wp\/v2\/tags?post=35905"}],"curies":[{"name":"wp","href":"https:\/\/api.w.org\/{rel}","templated":true}]}}