{"id":36708,"date":"2023-03-09T03:38:12","date_gmt":"2023-03-09T02:38:12","guid":{"rendered":"http:\/\/www.vernunftkraft-hessen.de\/wordpress\/?p=36708"},"modified":"2023-03-09T03:39:09","modified_gmt":"2023-03-09T02:39:09","slug":"vorsprung-online-gruendau-windjammer-e-v-schockiert-ueber-neue-windkraftanlage","status":"publish","type":"post","link":"https:\/\/www.vernunftkraft-hessen.de\/wordpress\/2023\/03\/09\/vorsprung-online-gruendau-windjammer-e-v-schockiert-ueber-neue-windkraftanlage\/","title":{"rendered":"Vorsprung Online &#8211; Gr\u00fcndau: Windjammer e.V. schockiert \u00fcber neue Windkraftanlage"},"content":{"rendered":"<blockquote><p><span style=\"font-size: 12pt;\"><strong>WindJammer Gr\u00fcndau e.V. ist \u00fcber die gigantische Gr\u00f6\u00dfe und die Ausma\u00dfe der neu errichtenden zuvor sehr strittigen Windkraftanlage 14 in Gr\u00fcndau-Breitenborn schockiert. &#8220;Die nun ersichtliche unmittelbare N\u00e4he zu den Wohnh\u00e4usern und damit zu den dort lebenden Gr\u00fcndauer B\u00fcrgerinnen und B\u00fcrgern ist erschreckend und stellt nicht im Geringsten die zuvor in den Fotosimulationen des Projektierers dargestellten Gr\u00f6\u00dfen- und Entfernungsverh\u00e4ltnisse dar&#8221;, hei\u00dft es in einer Pressemitteilung.<\/strong><\/span><\/p><\/blockquote>\n<p>Weiterlesen: <em><a href=\"https:\/\/vorsprung-online.de\/mkk\/gruendau\/334-breitenborn\/223859-gr%C3%BCndau-windjammer-e-v-schockiert-%C3%BCber-neue-windkraftanlage.html\" target=\"_blank\" rel=\"noopener noreferrer\">Vorsprung Online &#8211; Gr\u00fcndau: Windjammer e.V. schockiert \u00fcber neue Windkraftanlage<\/a><\/em><\/p>\n","protected":false},"excerpt":{"rendered":"<p>WindJammer Gr\u00fcndau e.V. ist \u00fcber die gigantische Gr\u00f6\u00dfe und die Ausma\u00dfe der neu errichtenden zuvor sehr strittigen Windkraftanlage 14 in Gr\u00fcndau-Breitenborn schockiert. &#8220;Die nun ersichtliche unmittelbare N\u00e4he zu den Wohnh\u00e4usern und damit zu den dort lebenden Gr\u00fcndauer B\u00fcrgerinnen und B\u00fcrgern ist erschreckend und stellt nicht im Geringsten die zuvor in den Fotosimulationen des Projektierers dargestellten &hellip; <a href=\"https:\/\/www.vernunftkraft-hessen.de\/wordpress\/2023\/03\/09\/vorsprung-online-gruendau-windjammer-e-v-schockiert-ueber-neue-windkraftanlage\/\" class=\"more-link\"><span class=\"screen-reader-text\">\u201eVorsprung Online &#8211; Gr\u00fcndau: Windjammer e.V. schockiert \u00fcber neue Windkraftanlage\u201c<\/span> weiterlesen<\/a><\/p>\n","protected":false},"author":26,"featured_media":0,"comment_status":"closed","ping_status":"closed","sticky":false,"template":"","format":"standard","meta":{"footnotes":""},"categories":[98],"tags":[215,289,175,17,21,317,63,43,49],"class_list":["post-36708","post","type-post","status-publish","format-standard","hentry","category-zubau","tag-brandschutz","tag-buergerinitiative","tag-energiepolitik","tag-energiewende","tag-gesundheit","tag-pressemitteilung","tag-widerstand","tag-zerstoerung","tag-zubau"],"_links":{"self":[{"href":"https:\/\/www.vernunftkraft-hessen.de\/wordpress\/wp-json\/wp\/v2\/posts\/36708","targetHints":{"allow":["GET"]}}],"collection":[{"href":"https:\/\/www.vernunftkraft-hessen.de\/wordpress\/wp-json\/wp\/v2\/posts"}],"about":[{"href":"https:\/\/www.vernunftkraft-hessen.de\/wordpress\/wp-json\/wp\/v2\/types\/post"}],"author":[{"embeddable":true,"href":"https:\/\/www.vernunftkraft-hessen.de\/wordpress\/wp-json\/wp\/v2\/users\/26"}],"replies":[{"embeddable":true,"href":"https:\/\/www.vernunftkraft-hessen.de\/wordpress\/wp-json\/wp\/v2\/comments?post=36708"}],"version-history":[{"count":2,"href":"https:\/\/www.vernunftkraft-hessen.de\/wordpress\/wp-json\/wp\/v2\/posts\/36708\/revisions"}],"predecessor-version":[{"id":36710,"href":"https:\/\/www.vernunftkraft-hessen.de\/wordpress\/wp-json\/wp\/v2\/posts\/36708\/revisions\/36710"}],"wp:attachment":[{"href":"https:\/\/www.vernunftkraft-hessen.de\/wordpress\/wp-json\/wp\/v2\/media?parent=36708"}],"wp:term":[{"taxonomy":"category","embeddable":true,"href":"https:\/\/www.vernunftkraft-hessen.de\/wordpress\/wp-json\/wp\/v2\/categories?post=36708"},{"taxonomy":"post_tag","embeddable":true,"href":"https:\/\/www.vernunftkraft-hessen.de\/wordpress\/wp-json\/wp\/v2\/tags?post=36708"}],"curies":[{"name":"wp","href":"https:\/\/api.w.org\/{rel}","templated":true}]}}