{"id":963,"date":"2016-04-04T21:08:11","date_gmt":"2016-04-04T19:08:11","guid":{"rendered":"http:\/\/www.vernunftkraft-hessen.de\/wordpress\/?p=963"},"modified":"2016-04-04T21:09:15","modified_gmt":"2016-04-04T19:09:15","slug":"ovg-koblenz-wetterradar-contra-windkraft","status":"publish","type":"post","link":"https:\/\/www.vernunftkraft-hessen.de\/wordpress\/2016\/04\/04\/ovg-koblenz-wetterradar-contra-windkraft\/","title":{"rendered":"OVG Koblenz: Wetterradar contra Windkraft"},"content":{"rendered":"<p><strong>OVG Koblenz: Wetterradar contra Windkraft &#8211; Keine Unzul\u00e4ssigkeit von Windkraftanlagen wegen St\u00f6rung eines Wetterradars<\/strong><\/p>\n<p>08.03.2016 | Planen &amp; Umwelt<\/p>\n<p>Der Betrieb von drei Windkraftanlagen im Kreis Bitburg-Pr\u00fcm l\u00e4sst keine gravierenden St\u00f6rungen der Funktionsf\u00e4higkeit der Wetterradarstation Neuheilenbach erwarten. Insbesondere<strong> ist nicht mit nennenswerten Auswirkungen auf Unwetterwarnungen des Deutschen Wetterdienstes zu rechnen.<\/strong> Dies hat das Oberverwaltungsgericht Rheinland-Pfalz mit Urteil vom 13. Januar 2016 (8 A 10535\/15.OVG) entschieden.<\/p>\n<p><!--more--><\/p>\n<p>Die Bundesrepublik Deutschland wendet sich als Tr\u00e4gerin des Deutschen Wetterdienstes (DWD) gegen immissionsschutzrechtliche Genehmigungen zur Errichtung und zum Betrieb von drei Windkraftanlagen, die der beklagte Landkreis den beiden beigeladenen Windkraftunternehmen erteilt hat. Die drei Windkraftanlagen sollen in einem im Regionalen Raumordnungsplan festgesetzten Vorranggebiet f\u00fcr die Windenergie westlich der Autobahn A 60 errichtet werden. Der DWD betreibt seit 1998 an einem knapp 11 km \u00f6stlich davon gelegenen Standort in der Gemeinde Neuheilenbach eine seiner 17 im Bundesgebiet unterhaltenen Wetterradarstationen. Zur Begr\u00fcndung ihrer nach erfolglosem Widerspruchsverfahren beim Verwaltungsgericht Trier erhobenen Klage<strong> machte die Bundesrepublik Deutschland im Wesentlichen geltend, der Betrieb der genehmigten drei Windkraftanlagen werde zu erheblichen St\u00f6rungen der Funktionsf\u00e4higkeit der Wetterradarstation Neuheilenbach f\u00fchren.<\/strong> F\u00fcr die bodennahe Raumabtastung durch Radarstrahlen mit niedrigem H\u00f6henwinkel w\u00fcrden einerseits durch den Aufprall der Radarsignale auf die Rotoren \u201eFehlechos\u201c verursacht und andererseits durch D\u00e4mpfungen des Radarstrahls sog. \u201eAbschattungseffekte\u201c erzeugt. Hierdurch werde der <strong>Informationsgehalt der Radarsignale blockiert oder verf\u00e4lscht<\/strong>, weshalb in diesem Bereich <strong>keine zuverl\u00e4ssigen Wetterprognosen und insbesondere keine zuverl\u00e4ssigen und rechtzeitigen Unwetterwarnungen mehr ausgegeben werden k\u00f6nnten.<\/strong> Zudem sei die Aufgabe der <strong>meteorologischen Sicherheit der Luftfahrt beeintr\u00e4chtigt<\/strong>. Das Verwaltungsgericht holte ein Sachverst\u00e4ndigengutachten ein, das zu dem Ergebnis gelangte, dass durch den Betrieb der Windkraftanlagen lediglich geringere Beeintr\u00e4chtigungen des Wetterradars zu erwarten seien, die teilweise auch durch Eigenma\u00dfnahmen des DWD ausgeglichen werden k\u00f6nnten. Daraufhin wies das Verwaltungsgericht die Klage ab. Mit ihrer vom Verwaltungsgericht wegen grunds\u00e4tzlicher Bedeutung der Rechtssache zugelassenen Berufung griff die Kl\u00e4gerin insbesondere die Feststellungen in dem erstinstanzlich eingeholten Sachverst\u00e4ndigengutachten an.<\/p>\n<p>Das Oberverwaltungsgericht wies die Berufung nach erg\u00e4nzender Anh\u00f6rung des gerichtlichen Sachverst\u00e4ndigen und der Fachbeist\u00e4nde der Kl\u00e4gerin in der m\u00fcndlichen Verhandlung als unbegr\u00fcndet zur\u00fcck. Zwar werde der Betrieb der drei Windkraftanlagen zu St\u00f6rungen von Radarmessungen der Wetterradarstation Neuheilenbach f\u00fchren. Wie der gerichtliche Sachverst\u00e4ndige \u00fcberzeugend dargelegt habe, seien durchaus gewisse nachteilige Beeinflussungen auf die vom Wetterradar gewonnenen Basisdaten zu erwarten. Dies habe seinen Grund im relativ starken Hineinragen der bis zu 200 m hohen Windkraftanlagen in die unteren Elevationsebenen des Radarstrahls, insbesondere in den Niederschlagsradar. Hierdurch seien vornehmlich St\u00f6rsignale (\u201eFehlechos\u201c) zu bef\u00fcrchten, die zu unerw\u00fcnscht fr\u00fchen Warnungen z. B. vor Gewitter und Hagel f\u00fchren k\u00f6nnten (sog. \u201e\u00dcberwarnungen\u201c). Anderseits st\u00fcnden aber ab einer H\u00f6he von 480 m \u00fcber dem Radar weiterhin ungest\u00f6rte Messergebnisse zur Verf\u00fcgung.<\/p>\n<p><strong>Nach \u00dcberzeugung der Koblenzer Richter sind indessen die Auswirkungen dieser St\u00f6rungen auf die Aufgabenerf\u00fcllung des Deutschen Wetterdienstes nicht so gravierend, dass sie der Genehmigung der im Au\u00dfenbereich privilegiert zul\u00e4ssigen und zudem in Vorranggebieten f\u00fcr die Windenergie gelegenen Windkraftanlagen entgegenst\u00fcnden.<\/strong> Die gegen\u00fcber einem Bauanspruch durchsetzungsf\u00e4hige St\u00f6rwirkung m\u00fcsse \u00fcber blo\u00df vorsorglich ge\u00e4u\u00dferte Bedenken, wie sie bei der Festlegung der Konzentrationszonen f\u00fcr die Windenergie geltend gemacht werden d\u00fcrften, hinausgehen. <strong>Es habe nicht festgestellt werden k\u00f6nnen, dass die windenergiebedingten St\u00f6rungen bei den bodennahen Radarerfassungen zu erheblichen Defiziten f\u00fcr die zu erstellenden Wetterinformationen f\u00fchren.<\/strong><\/p>\n<p>So sei zun\u00e4chst die Einsch\u00e4tzung des gerichtlichen Sachverst\u00e4ndigen nicht ernsthaft ersch\u00fcttert worden, dass es nur zu geringf\u00fcgigen D\u00e4mpfungen des Radarstrahls hinter den Windkraftanlagen (sog. \u201eAbschattungseffekte\u201c) in der Gr\u00f6\u00dfenordnung von Messtoleranzen kommen werde. Was durch den Betrieb der drei Windkraftanlagen verursachte Fehlechos angehe, seien diese jedenfalls nicht in einem Ausma\u00df zu erwarten, dass die Erkennung von warnw\u00fcrdigen Wetterph\u00e4nomenen wie Gewitter, Hagel, Starkregen oder gefrierendem Regen in einer f\u00fcr die Aufgabenerf\u00fcllung des DWD relevanten Weise negativ beeinflussen k\u00f6nnte. Hierf\u00fcr sei wesentlich, dass nach der \u00fcberzeugenden Einsch\u00e4tzung des gerichtlichen Sachverst\u00e4ndigen ab einer H\u00f6he von 480 m \u00fcber Radar weiterhin ungest\u00f6rte Radarmessungen erzielt werden k\u00f6nnten. Die Fachbeist\u00e4nde der Kl\u00e4gerin h\u00e4tten nicht \u00fcberzeugend darlegen k\u00f6nnen, dass es etwa f\u00fcr die Gewitterwarnung entscheidend auch auf von den drei Windkraftanlagen unbeeinflusste Daten aus den unteren Elevationsebenen ankomme; nach deren Angaben seien f\u00fcr Gewitterwarnungen der \u00d6ffentlichkeit ohnehin auch individuell erhobene und ausgewertete Daten, z. B. aus der Blitzortung wesentlich. Auch f\u00fcr die Erkennung von sog. \u201eMesozyklonen\u201c (rotierende Aufwindfelder in konvektiven Wolken), aus denen sich besonders schadenstr\u00e4chtige Wetterereignisse wie Tornados entwickeln k\u00f6nnten, komme es entscheidend auf ungest\u00f6rte Messergebnisse aus 600 m H\u00f6he und mehr an, was vorliegend weiterhin gew\u00e4hrleistet sei. Schlie\u00dflich sei auch nicht erkennbar, dass es durch den Betrieb der drei Windkraftanlagen zu Beeintr\u00e4chtigungen der Aufgabe des DWD zur meteorologischen Sicherung der Luftfahrt von nennenswertem Gewicht kommen werde. Die Heranziehung von Daten des Niederschlagsradars hierf\u00fcr stelle ohnehin \u2013 weil aus Luftschichten weit unterhalb der regelm\u00e4\u00dfigen Flugh\u00f6he der meisten Luftfahrtzeuge gewonnen &#8211; nur einen Kompromiss dar und bed\u00fcrfe der Erg\u00e4nzung durch Wetterinformationen aus anderen Quellen.<\/p>\n<p>Quelle: Pressemitteilung des Gerichts Nr. 3\/2016 vom 13.01.2016<\/p>\n<div class=\"shariff shariff-align-flex-start shariff-widget-align-flex-start\" data-services=\"facebook\" data-url=\"https%3A%2F%2Fwww.vernunftkraft-hessen.de%2Fwordpress%2F2016%2F04%2F04%2Fovg-koblenz-wetterradar-contra-windkraft%2F\" data-timestamp=\"1459804155\" data-hidezero=\"1\" data-backendurl=\"https:\/\/www.vernunftkraft-hessen.de\/wordpress\/wp-json\/shariff\/v1\/share_counts?\"><div class=\"ShariffHeadline\">Diesen Beitrag teilen<\/div><ul class=\"shariff-buttons theme-color orientation-horizontal buttonsize-small\"><li class=\"shariff-button facebook shariff-nocustomcolor\" style=\"background-color:#4273c8\"><a href=\"https:\/\/www.facebook.com\/sharer\/sharer.php?u=https%3A%2F%2Fwww.vernunftkraft-hessen.de%2Fwordpress%2F2016%2F04%2F04%2Fovg-koblenz-wetterradar-contra-windkraft%2F\" title=\"Bei Facebook teilen\" aria-label=\"Bei Facebook teilen\" role=\"button\" rel=\"nofollow\" class=\"shariff-link\" style=\"; background-color:#3b5998; color:#fff\" target=\"_blank\"><span class=\"shariff-icon\" style=\"\"><svg width=\"32px\" height=\"20px\" xmlns=\"http:\/\/www.w3.org\/2000\/svg\" viewBox=\"0 0 18 32\"><path fill=\"#3b5998\" d=\"M17.1 0.2v4.7h-2.8q-1.5 0-2.1 0.6t-0.5 1.9v3.4h5.2l-0.7 5.3h-4.5v13.6h-5.5v-13.6h-4.5v-5.3h4.5v-3.9q0-3.3 1.9-5.2t5-1.8q2.6 0 4.1 0.2z\"\/><\/svg><\/span><span class=\"shariff-text\">teilen<\/span>&nbsp;<span data-service=\"facebook\" style=\"color:#3b5998\" class=\"shariff-count shariff-hidezero\"><\/span>&nbsp;<\/a><\/li><li class=\"shariff-button whatsapp shariff-nocustomcolor\" style=\"background-color:#5cbe4a\"><a href=\"https:\/\/api.whatsapp.com\/send?text=https%3A%2F%2Fwww.vernunftkraft-hessen.de%2Fwordpress%2F2016%2F04%2F04%2Fovg-koblenz-wetterradar-contra-windkraft%2F%20OVG%20Koblenz%3A%20Wetterradar%20contra%20Windkraft\" title=\"Bei Whatsapp teilen\" aria-label=\"Bei Whatsapp teilen\" role=\"button\" rel=\"noopener nofollow\" class=\"shariff-link\" style=\"; background-color:#34af23; color:#fff\" target=\"_blank\"><span class=\"shariff-icon\" style=\"\"><svg width=\"32px\" height=\"20px\" xmlns=\"http:\/\/www.w3.org\/2000\/svg\" viewBox=\"0 0 32 32\"><path fill=\"#34af23\" d=\"M17.6 17.4q0.2 0 1.7 0.8t1.6 0.9q0 0.1 0 0.3 0 0.6-0.3 1.4-0.3 0.7-1.3 1.2t-1.8 0.5q-1 0-3.4-1.1-1.7-0.8-3-2.1t-2.6-3.3q-1.3-1.9-1.3-3.5v-0.1q0.1-1.6 1.3-2.8 0.4-0.4 0.9-0.4 0.1 0 0.3 0t0.3 0q0.3 0 0.5 0.1t0.3 0.5q0.1 0.4 0.6 1.6t0.4 1.3q0 0.4-0.6 1t-0.6 0.8q0 0.1 0.1 0.3 0.6 1.3 1.8 2.4 1 0.9 2.7 1.8 0.2 0.1 0.4 0.1 0.3 0 1-0.9t0.9-0.9zM14 26.9q2.3 0 4.3-0.9t3.6-2.4 2.4-3.6 0.9-4.3-0.9-4.3-2.4-3.6-3.6-2.4-4.3-0.9-4.3 0.9-3.6 2.4-2.4 3.6-0.9 4.3q0 3.6 2.1 6.6l-1.4 4.2 4.3-1.4q2.8 1.9 6.2 1.9zM14 2.2q2.7 0 5.2 1.1t4.3 2.9 2.9 4.3 1.1 5.2-1.1 5.2-2.9 4.3-4.3 2.9-5.2 1.1q-3.5 0-6.5-1.7l-7.4 2.4 2.4-7.2q-1.9-3.2-1.9-6.9 0-2.7 1.1-5.2t2.9-4.3 4.3-2.9 5.2-1.1z\"\/><\/svg><\/span><span class=\"shariff-text\">teilen<\/span>&nbsp;<\/a><\/li><li class=\"shariff-button threema shariff-nocustomcolor shariff-mobile\" style=\"background-color:#4fbc24\"><a href=\"threema:\/\/compose?text=OVG%20Koblenz%3A%20Wetterradar%20contra%20Windkraft%20https%3A%2F%2Fwww.vernunftkraft-hessen.de%2Fwordpress%2F2016%2F04%2F04%2Fovg-koblenz-wetterradar-contra-windkraft%2F\" title=\"Bei Threema teilen\" aria-label=\"Bei Threema teilen\" role=\"button\" rel=\"noopener nofollow\" class=\"shariff-link\" style=\"; background-color:#1f1f1f; color:#fff\" target=\"_blank\"><span class=\"shariff-icon\" style=\"\"><svg width=\"32px\" height=\"20px\" xmlns=\"http:\/\/www.w3.org\/2000\/svg\" viewBox=\"0 0 32 32\"><path fill=\"#1f1f1f\" d=\"M30.8 10.9c-0.3-1.4-0.9-2.6-1.8-3.8-2-2.6-5.5-4.5-9.4-5.2-1.3-0.2-1.9-0.3-3.5-0.3s-2.2 0-3.5 0.3c-4 0.7-7.4 2.6-9.4 5.2-0.9 1.2-1.5 2.4-1.8 3.8-0.1 0.5-0.2 1.2-0.2 1.6 0 0.4 0.1 1.1 0.2 1.6 0.4 1.9 1.3 3.4 2.9 5 0.8 0.8 0.8 0.8 0.7 1.3 0 0.6-0.5 1.6-1.7 3.6-0.3 0.5-0.5 0.9-0.5 0.9 0 0.1 0.1 0.1 0.5 0 0.8-0.2 2.3-0.6 5.6-1.6 1.1-0.3 1.3-0.4 2.3-0.4 0.8 0 1.1 0 2.3 0.2 1.5 0.2 3.5 0.2 4.9 0 5.1-0.6 9.3-2.9 11.4-6.3 0.5-0.9 0.9-1.8 1.1-2.8 0.1-0.5 0.2-1.1 0.2-1.6 0-0.7-0.1-1.1-0.2-1.6-0.3-1.4 0.1 0.5 0 0zM20.6 17.3c0 0.4-0.4 0.8-0.8 0.8h-7.7c-0.4 0-0.8-0.4-0.8-0.8v-4.6c0-0.4 0.4-0.8 0.8-0.8h0.2l0-1.6c0-0.9 0-1.8 0.1-2 0.1-0.6 0.6-1.2 1.1-1.7s1.1-0.7 1.9-0.8c1.8-0.3 3.7 0.7 4.2 2.2 0.1 0.3 0.1 0.7 0.1 2.1v0 1.7h0.1c0.4 0 0.8 0.4 0.8 0.8v4.6zM15.6 7.3c-0.5 0.1-0.8 0.3-1.2 0.6s-0.6 0.8-0.7 1.3c0 0.2 0 0.8 0 1.5l0 1.2h4.6v-1.3c0-1 0-1.4-0.1-1.6-0.3-1.1-1.5-1.9-2.6-1.7zM25.8 28.2c0 1.2-1 2.2-2.1 2.2s-2.1-1-2.1-2.1c0-1.2 1-2.1 2.2-2.1s2.2 1 2.2 2.2zM18.1 28.2c0 1.2-1 2.2-2.1 2.2s-2.1-1-2.1-2.1c0-1.2 1-2.1 2.2-2.1s2.2 1 2.2 2.2zM10.4 28.2c0 1.2-1 2.2-2.1 2.2s-2.1-1-2.1-2.1c0-1.2 1-2.1 2.2-2.1s2.2 1 2.2 2.2z\"\/><\/svg><\/span><span class=\"shariff-text\">teilen<\/span>&nbsp;<\/a><\/li><\/ul><\/div>","protected":false},"excerpt":{"rendered":"<p>OVG Koblenz: Wetterradar contra Windkraft &#8211; Keine Unzul\u00e4ssigkeit von Windkraftanlagen wegen St\u00f6rung eines Wetterradars 08.03.2016 | Planen &amp; Umwelt Der Betrieb von drei Windkraftanlagen im Kreis Bitburg-Pr\u00fcm l\u00e4sst keine gravierenden St\u00f6rungen der Funktionsf\u00e4higkeit der Wetterradarstation Neuheilenbach erwarten. Insbesondere ist nicht mit nennenswerten Auswirkungen auf Unwetterwarnungen des Deutschen Wetterdienstes zu rechnen. Dies hat das Oberverwaltungsgericht Rheinland-Pfalz &hellip; <a href=\"https:\/\/www.vernunftkraft-hessen.de\/wordpress\/2016\/04\/04\/ovg-koblenz-wetterradar-contra-windkraft\/\" class=\"more-link\"><span class=\"screen-reader-text\">\u201eOVG Koblenz: Wetterradar contra Windkraft\u201c<\/span> weiterlesen<\/a><\/p>\n<div class=\"shariff shariff-align-flex-start shariff-widget-align-flex-start\" data-services=\"facebook\" data-url=\"https%3A%2F%2Fwww.vernunftkraft-hessen.de%2Fwordpress%2F2016%2F04%2F04%2Fovg-koblenz-wetterradar-contra-windkraft%2F\" data-timestamp=\"1459804155\" data-hidezero=\"1\" data-backendurl=\"https:\/\/www.vernunftkraft-hessen.de\/wordpress\/wp-json\/shariff\/v1\/share_counts?\"><div class=\"ShariffHeadline\">Diesen Beitrag teilen<\/div><ul class=\"shariff-buttons theme-color orientation-horizontal buttonsize-small\"><li class=\"shariff-button facebook shariff-nocustomcolor\" style=\"background-color:#4273c8\"><a href=\"https:\/\/www.facebook.com\/sharer\/sharer.php?u=https%3A%2F%2Fwww.vernunftkraft-hessen.de%2Fwordpress%2F2016%2F04%2F04%2Fovg-koblenz-wetterradar-contra-windkraft%2F\" title=\"Bei Facebook teilen\" aria-label=\"Bei Facebook teilen\" role=\"button\" rel=\"nofollow\" class=\"shariff-link\" style=\"; background-color:#3b5998; color:#fff\" target=\"_blank\"><span class=\"shariff-icon\" style=\"\"><svg width=\"32px\" height=\"20px\" xmlns=\"http:\/\/www.w3.org\/2000\/svg\" viewBox=\"0 0 18 32\"><path fill=\"#3b5998\" d=\"M17.1 0.2v4.7h-2.8q-1.5 0-2.1 0.6t-0.5 1.9v3.4h5.2l-0.7 5.3h-4.5v13.6h-5.5v-13.6h-4.5v-5.3h4.5v-3.9q0-3.3 1.9-5.2t5-1.8q2.6 0 4.1 0.2z\"\/><\/svg><\/span><span class=\"shariff-text\">teilen<\/span>&nbsp;<span data-service=\"facebook\" style=\"color:#3b5998\" class=\"shariff-count shariff-hidezero\"><\/span>&nbsp;<\/a><\/li><li class=\"shariff-button whatsapp shariff-nocustomcolor\" style=\"background-color:#5cbe4a\"><a href=\"https:\/\/api.whatsapp.com\/send?text=https%3A%2F%2Fwww.vernunftkraft-hessen.de%2Fwordpress%2F2016%2F04%2F04%2Fovg-koblenz-wetterradar-contra-windkraft%2F%20OVG%20Koblenz%3A%20Wetterradar%20contra%20Windkraft\" title=\"Bei Whatsapp teilen\" aria-label=\"Bei Whatsapp teilen\" role=\"button\" rel=\"noopener nofollow\" class=\"shariff-link\" style=\"; background-color:#34af23; color:#fff\" target=\"_blank\"><span class=\"shariff-icon\" style=\"\"><svg width=\"32px\" height=\"20px\" xmlns=\"http:\/\/www.w3.org\/2000\/svg\" viewBox=\"0 0 32 32\"><path fill=\"#34af23\" d=\"M17.6 17.4q0.2 0 1.7 0.8t1.6 0.9q0 0.1 0 0.3 0 0.6-0.3 1.4-0.3 0.7-1.3 1.2t-1.8 0.5q-1 0-3.4-1.1-1.7-0.8-3-2.1t-2.6-3.3q-1.3-1.9-1.3-3.5v-0.1q0.1-1.6 1.3-2.8 0.4-0.4 0.9-0.4 0.1 0 0.3 0t0.3 0q0.3 0 0.5 0.1t0.3 0.5q0.1 0.4 0.6 1.6t0.4 1.3q0 0.4-0.6 1t-0.6 0.8q0 0.1 0.1 0.3 0.6 1.3 1.8 2.4 1 0.9 2.7 1.8 0.2 0.1 0.4 0.1 0.3 0 1-0.9t0.9-0.9zM14 26.9q2.3 0 4.3-0.9t3.6-2.4 2.4-3.6 0.9-4.3-0.9-4.3-2.4-3.6-3.6-2.4-4.3-0.9-4.3 0.9-3.6 2.4-2.4 3.6-0.9 4.3q0 3.6 2.1 6.6l-1.4 4.2 4.3-1.4q2.8 1.9 6.2 1.9zM14 2.2q2.7 0 5.2 1.1t4.3 2.9 2.9 4.3 1.1 5.2-1.1 5.2-2.9 4.3-4.3 2.9-5.2 1.1q-3.5 0-6.5-1.7l-7.4 2.4 2.4-7.2q-1.9-3.2-1.9-6.9 0-2.7 1.1-5.2t2.9-4.3 4.3-2.9 5.2-1.1z\"\/><\/svg><\/span><span class=\"shariff-text\">teilen<\/span>&nbsp;<\/a><\/li><li class=\"shariff-button threema shariff-nocustomcolor shariff-mobile\" style=\"background-color:#4fbc24\"><a href=\"threema:\/\/compose?text=OVG%20Koblenz%3A%20Wetterradar%20contra%20Windkraft%20https%3A%2F%2Fwww.vernunftkraft-hessen.de%2Fwordpress%2F2016%2F04%2F04%2Fovg-koblenz-wetterradar-contra-windkraft%2F\" title=\"Bei Threema teilen\" aria-label=\"Bei Threema teilen\" role=\"button\" rel=\"noopener nofollow\" class=\"shariff-link\" style=\"; background-color:#1f1f1f; color:#fff\" target=\"_blank\"><span class=\"shariff-icon\" style=\"\"><svg width=\"32px\" height=\"20px\" xmlns=\"http:\/\/www.w3.org\/2000\/svg\" viewBox=\"0 0 32 32\"><path fill=\"#1f1f1f\" d=\"M30.8 10.9c-0.3-1.4-0.9-2.6-1.8-3.8-2-2.6-5.5-4.5-9.4-5.2-1.3-0.2-1.9-0.3-3.5-0.3s-2.2 0-3.5 0.3c-4 0.7-7.4 2.6-9.4 5.2-0.9 1.2-1.5 2.4-1.8 3.8-0.1 0.5-0.2 1.2-0.2 1.6 0 0.4 0.1 1.1 0.2 1.6 0.4 1.9 1.3 3.4 2.9 5 0.8 0.8 0.8 0.8 0.7 1.3 0 0.6-0.5 1.6-1.7 3.6-0.3 0.5-0.5 0.9-0.5 0.9 0 0.1 0.1 0.1 0.5 0 0.8-0.2 2.3-0.6 5.6-1.6 1.1-0.3 1.3-0.4 2.3-0.4 0.8 0 1.1 0 2.3 0.2 1.5 0.2 3.5 0.2 4.9 0 5.1-0.6 9.3-2.9 11.4-6.3 0.5-0.9 0.9-1.8 1.1-2.8 0.1-0.5 0.2-1.1 0.2-1.6 0-0.7-0.1-1.1-0.2-1.6-0.3-1.4 0.1 0.5 0 0zM20.6 17.3c0 0.4-0.4 0.8-0.8 0.8h-7.7c-0.4 0-0.8-0.4-0.8-0.8v-4.6c0-0.4 0.4-0.8 0.8-0.8h0.2l0-1.6c0-0.9 0-1.8 0.1-2 0.1-0.6 0.6-1.2 1.1-1.7s1.1-0.7 1.9-0.8c1.8-0.3 3.7 0.7 4.2 2.2 0.1 0.3 0.1 0.7 0.1 2.1v0 1.7h0.1c0.4 0 0.8 0.4 0.8 0.8v4.6zM15.6 7.3c-0.5 0.1-0.8 0.3-1.2 0.6s-0.6 0.8-0.7 1.3c0 0.2 0 0.8 0 1.5l0 1.2h4.6v-1.3c0-1 0-1.4-0.1-1.6-0.3-1.1-1.5-1.9-2.6-1.7zM25.8 28.2c0 1.2-1 2.2-2.1 2.2s-2.1-1-2.1-2.1c0-1.2 1-2.1 2.2-2.1s2.2 1 2.2 2.2zM18.1 28.2c0 1.2-1 2.2-2.1 2.2s-2.1-1-2.1-2.1c0-1.2 1-2.1 2.2-2.1s2.2 1 2.2 2.2zM10.4 28.2c0 1.2-1 2.2-2.1 2.2s-2.1-1-2.1-2.1c0-1.2 1-2.1 2.2-2.1s2.2 1 2.2 2.2z\"\/><\/svg><\/span><span class=\"shariff-text\">teilen<\/span>&nbsp;<\/a><\/li><\/ul><\/div>","protected":false},"author":9,"featured_media":0,"comment_status":"closed","ping_status":"closed","sticky":false,"template":"","format":"standard","meta":{"footnotes":""},"categories":[1],"tags":[20,19],"class_list":["post-963","post","type-post","status-publish","format-standard","hentry","category-allgemein","tag-genehmigungsverfahren","tag-recht"],"_links":{"self":[{"href":"https:\/\/www.vernunftkraft-hessen.de\/wordpress\/wp-json\/wp\/v2\/posts\/963","targetHints":{"allow":["GET"]}}],"collection":[{"href":"https:\/\/www.vernunftkraft-hessen.de\/wordpress\/wp-json\/wp\/v2\/posts"}],"about":[{"href":"https:\/\/www.vernunftkraft-hessen.de\/wordpress\/wp-json\/wp\/v2\/types\/post"}],"author":[{"embeddable":true,"href":"https:\/\/www.vernunftkraft-hessen.de\/wordpress\/wp-json\/wp\/v2\/users\/9"}],"replies":[{"embeddable":true,"href":"https:\/\/www.vernunftkraft-hessen.de\/wordpress\/wp-json\/wp\/v2\/comments?post=963"}],"version-history":[{"count":3,"href":"https:\/\/www.vernunftkraft-hessen.de\/wordpress\/wp-json\/wp\/v2\/posts\/963\/revisions"}],"predecessor-version":[{"id":966,"href":"https:\/\/www.vernunftkraft-hessen.de\/wordpress\/wp-json\/wp\/v2\/posts\/963\/revisions\/966"}],"wp:attachment":[{"href":"https:\/\/www.vernunftkraft-hessen.de\/wordpress\/wp-json\/wp\/v2\/media?parent=963"}],"wp:term":[{"taxonomy":"category","embeddable":true,"href":"https:\/\/www.vernunftkraft-hessen.de\/wordpress\/wp-json\/wp\/v2\/categories?post=963"},{"taxonomy":"post_tag","embeddable":true,"href":"https:\/\/www.vernunftkraft-hessen.de\/wordpress\/wp-json\/wp\/v2\/tags?post=963"}],"curies":[{"name":"wp","href":"https:\/\/api.w.org\/{rel}","templated":true}]}}